{"id":152126,"date":"2022-07-09T09:00:28","date_gmt":"2022-07-09T13:00:28","guid":{"rendered":"https:\/\/linitiative.ca\/International\/aid-al-adha-lonee-appelle-a-rationaliser-la-consommation-de-leau-potable\/"},"modified":"2022-07-09T09:00:28","modified_gmt":"2022-07-09T13:00:28","slug":"aid-al-adha-lonee-appelle-a-rationaliser-la-consommation-de-leau-potable","status":"publish","type":"post","link":"https:\/\/linitiative.ca\/International\/aid-al-adha-lonee-appelle-a-rationaliser-la-consommation-de-leau-potable\/","title":{"rendered":"Aid Al Adha: L\u2019ONEE appelle \u00e0 rationaliser la consommation de l\u2019eau potable"},"content":{"rendered":"<div>\n<div style=\"margin-bottom:20px;\"><img loading=\"lazy\" decoding=\"async\" width=\"750\" height=\"430\" src=\"https:\/\/linitiative.ca\/International\/wp-content\/uploads\/sites\/23\/2022\/07\/Panneau-de-la-direction-de-lONEE-750C397430-MAP.jpg\" class=\"attachment-post-thumbnail size-post-thumbnail wp-post-image\" alt=\"\" srcset=\"https:\/\/linitiative.ca\/International\/wp-content\/uploads\/sites\/23\/2022\/07\/Panneau-de-la-direction-de-lONEE-750C397430-MAP.jpg 750w, https:\/\/www.mapoujda.ma\/map\/uploads\/2021\/07\/Panneau-de-la-direction-de-lONEE-750\u00d7430-MAP-300x172.jpg 300w\" sizes=\"auto, (max-width: 750px) 100vw, 750px\"><\/div>\n<div>\n<p style=\"text-align: justify;\">La Direction r\u00e9gionale de l\u2019Oriental de l\u2019Office national de l\u2019\u00e9lectricit\u00e9 et de l\u2019eau potable (ONEE) \u2013 Branche Eau a appel\u00e9 l\u2019ensemble des acteurs et des citoyens dans la r\u00e9gion de l\u2019Oriental \u00e0 rationaliser la consommation de l\u2019eau potable durant la p\u00e9riode d\u2019Aid Al Adha.<\/p>\n<p style=\"text-align: justify;\">\u00ab\u00a0Afin de pr\u00e9server les ressources en eau et de garantir la continuit\u00e9 de l\u2019approvisionnement des habitants de la r\u00e9gion de l\u2019Oriental en eau potable, et dans le cadre des pr\u00e9paratifs pour l\u2019Aid Al Adha, la Direction r\u00e9gionale de l\u2019ONEE exhorte l\u2019ensemble des acteurs et citoyens \u00e0 \u0153uvrer\u00a0pour rationaliser la consommation de l\u2019eau potable et \u00e0 l\u2019utiliser de mani\u00e8re responsable et raisonnable\u00a0\u00bb, indique un communiqu\u00e9 de la Direction r\u00e9gionale de l\u2019ONEE.<\/p>\n<p style=\"text-align: justify;\">A cet \u00e9gard, la Direction r\u00e9gionale de l\u2019ONEE-Branche Eau informe ses clients qu\u2019en raison de la vague de chaleur que conna\u00eet le Maroc durant la p\u00e9riode estivale, qui co\u00efncide avec la c\u00e9l\u00e9bration d\u2019Aid Al Adha et le retour des Marocains r\u00e9sidant \u00e0 l\u2019\u00e9tranger, la demande en eau potable enregistre une forte augmentation.<\/p>\n<p style=\"text-align: justify;\">Cette hausse intervient dans un contexte marqu\u00e9 par la baisse aigu\u00eb en ressources hydriques, due au manque des pr\u00e9cipitations et la succession des ann\u00e9es de s\u00e9cheresse ayant touch\u00e9 la r\u00e9gion de l\u2019Oriental, souligne le communiqu\u00e9.<\/p>\n<p style=\"text-align: justify;\">Cette situation a engendr\u00e9 la baisse des r\u00e9serves des barrages et des nappes phr\u00e9atiques au niveau de la r\u00e9gion, ce qui n\u00e9cessite une mobilisation collective pour rationaliser l\u2019utilisation de l\u2019eau potable, ajoute l\u2019ONEE.<\/p>\n<p style=\"text-align: justify;\">Tout en remerciant l\u2019ensemble de ses clients pour leur compr\u00e9hension, l\u2019Office affirme que ses \u00e9quipes \u0153uvrent sans rel\u00e2che pour assurer l\u2019approvisionnement en eau potable dans les meilleures conditions.<\/p>\n<\/div>\n<p>L\u2019article <a rel=\"nofollow\" href=\"https:\/\/www.mapoujda.ma\/fr\/aid-al-adha-lonee-appelle-a-rationaliser-la-consommation-de-leau-potable\/\">Aid Al Adha: L\u2019ONEE appelle \u00e0 rationaliser la consommation de l\u2019eau potable<\/a> est apparu en premier sur <a rel=\"nofollow\" href=\"https:\/\/www.mapoujda.ma\/fr\">MapOujda<\/a>.<\/p>\n<\/div>\n<p>Auteur: Soufiane ELAHMAR<br \/>\n<a href=\"https:\/\/www.mapoujda.ma\/fr\/aid-al-adha-lonee-appelle-a-rationaliser-la-consommation-de-leau-potable\/\">Cliquez ici pour lire l&rsquo;article depuis sa source.<\/a><\/p>\n","protected":false},"excerpt":{"rendered":"<p>La Direction r\u00e9gionale de l\u2019Oriental de l\u2019Office national de l\u2019\u00e9lectricit\u00e9 et de l\u2019eau potable (ONEE) \u2013 Branche Eau a appel\u00e9 l\u2019ensemble des acteurs et des citoyens dans la r\u00e9gion de l\u2019Oriental \u00e0 rationaliser la consommation de l\u2019eau potable durant la p\u00e9riode d\u2019Aid Al Adha. \u00ab\u00a0Afin de pr\u00e9server les ressources en eau et de garantir la [&hellip;]<\/p>\n","protected":false},"author":1788,"featured_media":0,"comment_status":"closed","ping_status":"closed","sticky":false,"template":"","format":"standard","meta":{"fifu_image_url":"https:\/\/www.mapoujda.ma\/map\/uploads\/2021\/07\/Panneau-de-la-direction-de-lONEE-750\u00d7430-MAP.jpg","fifu_image_alt":"Aid Al Adha: L\u2019ONEE appelle \u00e0 rationaliser la consommation de l\u2019eau potable","footnotes":""},"categories":[54,76],"tags":[],"class_list":["post-152126","post","type-post","status-publish","format-standard","hentry","category-maroc","category-regions"],"_links":{"self":[{"href":"https:\/\/linitiative.ca\/International\/wp-json\/wp\/v2\/posts\/152126","targetHints":{"allow":["GET"]}}],"collection":[{"href":"https:\/\/linitiative.ca\/International\/wp-json\/wp\/v2\/posts"}],"about":[{"href":"https:\/\/linitiative.ca\/International\/wp-json\/wp\/v2\/types\/post"}],"author":[{"embeddable":true,"href":"https:\/\/linitiative.ca\/International\/wp-json\/wp\/v2\/users\/1788"}],"replies":[{"embeddable":true,"href":"https:\/\/linitiative.ca\/International\/wp-json\/wp\/v2\/comments?post=152126"}],"version-history":[{"count":0,"href":"https:\/\/linitiative.ca\/International\/wp-json\/wp\/v2\/posts\/152126\/revisions"}],"wp:attachment":[{"href":"https:\/\/linitiative.ca\/International\/wp-json\/wp\/v2\/media?parent=152126"}],"wp:term":[{"taxonomy":"category","embeddable":true,"href":"https:\/\/linitiative.ca\/International\/wp-json\/wp\/v2\/categories?post=152126"},{"taxonomy":"post_tag","embeddable":true,"href":"https:\/\/linitiative.ca\/International\/wp-json\/wp\/v2\/tags?post=152126"}],"curies":[{"name":"wp","href":"https:\/\/api.w.org\/{rel}","templated":true}]}}