{"id":152128,"date":"2022-07-09T14:20:04","date_gmt":"2022-07-09T18:20:04","guid":{"rendered":"https:\/\/linitiative.ca\/International\/nador-la-pavillon-bleu-hisse-sur-la-plage-darekmane\/"},"modified":"2022-07-09T14:20:04","modified_gmt":"2022-07-09T18:20:04","slug":"nador-la-pavillon-bleu-hisse-sur-la-plage-darekmane","status":"publish","type":"post","link":"https:\/\/linitiative.ca\/International\/nador-la-pavillon-bleu-hisse-sur-la-plage-darekmane\/","title":{"rendered":"Nador : La Pavillon Bleu hiss\u00e9 sur la plage d\u2019Arekmane"},"content":{"rendered":"<div>\n<div style=\"margin-bottom:20px;\"><img loading=\"lazy\" decoding=\"async\" width=\"750\" height=\"430\" src=\"https:\/\/linitiative.ca\/International\/wp-content\/uploads\/sites\/23\/2022\/07\/hissage-du-Pavillon-Bleu-C3A0-une-plage-750C397430-MAP-1.jpg\" class=\"attachment-post-thumbnail size-post-thumbnail wp-post-image\" alt=\"\" srcset=\"https:\/\/linitiative.ca\/International\/wp-content\/uploads\/sites\/23\/2022\/07\/hissage-du-Pavillon-Bleu-C3A0-une-plage-750C397430-MAP-1.jpg 750w, https:\/\/www.mapoujda.ma\/map\/uploads\/2021\/07\/hissage-du-Pavillon-Bleu-\u00e0-une-plage-750\u00d7430-MAP-1-300x172.jpg 300w\" sizes=\"auto, (max-width: 750px) 100vw, 750px\"><\/div>\n<div>\n<p style=\"text-align: justify;\">Le \u00ab\u00a0Pavillon Bleu\u00a0\u00bb, attribu\u00e9 par la Fondation Mohammed VI pour la protection de l\u2019environnement, pr\u00e9sid\u00e9e par Son Altesse Royale la Princesse Lalla Hasnaa, et la Fondation internationale pour l\u2019\u00e9ducation \u00e0 l\u2019environnement (FEE), a \u00e9t\u00e9 hiss\u00e9 sur la plage d\u2019Arekmane, dans la province de Nador, pour la 10\u00e8 ann\u00e9e cons\u00e9cutive.<\/p>\n<p style=\"text-align: justify;\">Ce label international r\u00e9compense ainsi cette plage qui r\u00e9pond aux normes fix\u00e9es par le Fondation Mohammed VI pour la protection de l\u2019environnement et la FEE, notamment celles relatives \u00e0 la qualit\u00e9 des eaux de baignade, l\u2019information et la sensibilisation, l\u2019\u00e9ducation \u00e0 l\u2019environnement, la sant\u00e9, la s\u00e9curit\u00e9, la mise \u00e0 niveau et la gestion.<\/p>\n<p style=\"text-align: justify;\">Le \u00ab\u00a0Pavillon Bleu\u00a0\u00bb a \u00e9t\u00e9 hiss\u00e9 lors d\u2019une c\u00e9r\u00e9monie tenue r\u00e9cemment en pr\u00e9sence des repr\u00e9sentants des autorit\u00e9s locales et s\u00e9curitaires, de chefs de services ext\u00e9rieurs, d\u2019\u00e9lus, d\u2019acteurs de la soci\u00e9t\u00e9 civile et d\u2019autres personnalit\u00e9s.<\/p>\n<p style=\"text-align: justify;\">Dans une d\u00e9claration \u00e0 M24, la cha\u00eene d\u2019information en continu de la MAP, Said Boukhzar, vice-pr\u00e9sident de la Commune d\u2019Arekmane, a soulign\u00e9 que l\u2019obtention de cette pr\u00e9cieuse labellisation pour la 10\u00e8me fois d\u2019affil\u00e9e n\u2019est pas le fruit du hasard, mais vient couronner de grands efforts d\u00e9ploy\u00e9s par l\u2019ensemble des intervenants et partenaires, notant que ces efforts se poursuivront de mani\u00e8re continue pour pr\u00e9server la qualit\u00e9 de l\u2019eau de baignade et am\u00e9liorer les services fournis au niveau de cette plage, conform\u00e9ment aux normes en vigueur \u00e0 l\u2019\u00e9chelle internationale.<\/p>\n<p style=\"text-align: justify;\">Il a aussi appel\u00e9 l\u2019ensemble des estivants \u00e0 visiter la plage d\u2019Arekmane qui offre toutes les conditions pour passer de bonnes vacances au bord de la mer, tout en exhortant les visiteurs de cette plage \u00e0 pr\u00e9server sa propret\u00e9 et son environnement.<\/p>\n<p style=\"text-align: justify;\">Dans des d\u00e9clarations similaires, des habitants de la r\u00e9gion et des visiteurs ont mis en exergue les qualit\u00e9s de cette plage, notamment son sable fin et ses eaux de baignade cristallines, notant qu\u2019il s\u2019agit de l\u2019une des plus belles plages de la province de Nador, dont le littoral regorge de plages de grande beaut\u00e9.<\/p>\n<p style=\"text-align: justify;\">Un total de 28 plages et deux ports de plaisance hisseront cet \u00e9t\u00e9 le label international \u00ab\u00a0Pavillon bleu\u00a0\u00bb, attribu\u00e9 aux communes qui sont en charge de la gestion compl\u00e8te des plages qui rel\u00e8vent de leur p\u00e9rim\u00e8tre : entretien, propret\u00e9, \u00e9quipement, s\u00e9curit\u00e9, formation, sensibilisation, accessibilit\u00e9.<\/p>\n<p style=\"text-align: justify;\">Dans cet effort consid\u00e9rable, elles sont accompagn\u00e9es par le programme \u00ab\u00a0Plages propres\u00a0\u00bb de la Fondation et soutenues par la Direction G\u00e9n\u00e9rale des Collectivit\u00e9s Territoriales (DGCT) et les d\u00e9partements minist\u00e9riels concern\u00e9s.<\/p>\n<p style=\"text-align: justify;\">Le label Pavillon bleu, cr\u00e9\u00e9 par la FEE en 1987, c\u00e9l\u00e8bre en 2022 son 35e anniversaire.<\/p>\n<p style=\"text-align: justify;\">Au Maroc, l\u2019\u00e9colabel Pavillon Bleu a \u00e9t\u00e9 introduit par la Fondation Mohammed VI pour la protection de l\u2019environnement en 2002 dans le cadre de son programme Plages Propres.<\/p>\n<p style=\"text-align: justify;\">Gr\u00e2ce au travail d\u2019accompagnement de longue dur\u00e9e des communes littorales qu\u2019elle a accompli, la Fondation n\u2019a cess\u00e9 de faire \u00e9voluer son programme et d\u2019accro\u00eetre ses efforts pour dispenser une \u00e9ducation \u00e0 l\u2019environnement, assurer la protection du milieu marin et de la sant\u00e9 humaine, am\u00e9liorer l\u2019accessibilit\u00e9 des plages et les s\u00e9curiser.<\/p>\n<\/div>\n<p>L\u2019article <a rel=\"nofollow\" href=\"https:\/\/www.mapoujda.ma\/fr\/nador-la-pavillon-bleu-hisse-sur-la-plage-darekmane\/\">Nador : La Pavillon Bleu hiss\u00e9 sur la plage d\u2019Arekmane<\/a> est apparu en premier sur <a rel=\"nofollow\" href=\"https:\/\/www.mapoujda.ma\/fr\">MapOujda<\/a>.<\/p>\n<\/div>\n<p>Auteur: Soufiane ELAHMAR<br \/>\n<a href=\"https:\/\/www.mapoujda.ma\/fr\/nador-la-pavillon-bleu-hisse-sur-la-plage-darekmane\/\">Cliquez ici pour lire l&rsquo;article depuis sa source.<\/a><\/p>\n","protected":false},"excerpt":{"rendered":"<p>Le \u00ab\u00a0Pavillon Bleu\u00a0\u00bb, attribu\u00e9 par la Fondation Mohammed VI pour la protection de l\u2019environnement, pr\u00e9sid\u00e9e par Son Altesse Royale la Princesse Lalla Hasnaa, et la Fondation internationale pour l\u2019\u00e9ducation \u00e0 l\u2019environnement (FEE), a \u00e9t\u00e9 hiss\u00e9 sur la plage d\u2019Arekmane, dans la province de Nador, pour la 10\u00e8 ann\u00e9e cons\u00e9cutive. Ce label international r\u00e9compense ainsi cette [&hellip;]<\/p>\n","protected":false},"author":1788,"featured_media":0,"comment_status":"closed","ping_status":"closed","sticky":false,"template":"","format":"standard","meta":{"fifu_image_url":"https:\/\/www.mapoujda.ma\/map\/uploads\/2021\/07\/hissage-du-Pavillon-Bleu-\u00e0-une-plage-750\u00d7430-MAP-1.jpg","fifu_image_alt":"Nador : La Pavillon Bleu hiss\u00e9 sur la plage d\u2019Arekmane","footnotes":""},"categories":[54,76],"tags":[],"class_list":["post-152128","post","type-post","status-publish","format-standard","hentry","category-maroc","category-regions"],"_links":{"self":[{"href":"https:\/\/linitiative.ca\/International\/wp-json\/wp\/v2\/posts\/152128","targetHints":{"allow":["GET"]}}],"collection":[{"href":"https:\/\/linitiative.ca\/International\/wp-json\/wp\/v2\/posts"}],"about":[{"href":"https:\/\/linitiative.ca\/International\/wp-json\/wp\/v2\/types\/post"}],"author":[{"embeddable":true,"href":"https:\/\/linitiative.ca\/International\/wp-json\/wp\/v2\/users\/1788"}],"replies":[{"embeddable":true,"href":"https:\/\/linitiative.ca\/International\/wp-json\/wp\/v2\/comments?post=152128"}],"version-history":[{"count":0,"href":"https:\/\/linitiative.ca\/International\/wp-json\/wp\/v2\/posts\/152128\/revisions"}],"wp:attachment":[{"href":"https:\/\/linitiative.ca\/International\/wp-json\/wp\/v2\/media?parent=152128"}],"wp:term":[{"taxonomy":"category","embeddable":true,"href":"https:\/\/linitiative.ca\/International\/wp-json\/wp\/v2\/categories?post=152128"},{"taxonomy":"post_tag","embeddable":true,"href":"https:\/\/linitiative.ca\/International\/wp-json\/wp\/v2\/tags?post=152128"}],"curies":[{"name":"wp","href":"https:\/\/api.w.org\/{rel}","templated":true}]}}