{"id":152133,"date":"2022-07-08T19:10:00","date_gmt":"2022-07-08T23:10:00","guid":{"rendered":"https:\/\/linitiative.ca\/International\/kais-saied-reprend-sa-copie-et-revele-sa-constitution-v2-telecharger-le-texte-relu-et-corrige\/"},"modified":"2022-07-08T19:10:00","modified_gmt":"2022-07-08T23:10:00","slug":"kais-saied-reprend-sa-copie-et-revele-sa-constitution-v2-telecharger-le-texte-relu-et-corrige","status":"publish","type":"post","link":"https:\/\/linitiative.ca\/International\/kais-saied-reprend-sa-copie-et-revele-sa-constitution-v2-telecharger-le-texte-relu-et-corrige\/","title":{"rendered":"Kais Sa\u00efed reprend sa copie et r\u00e9v\u00e8le sa Constitution V2 : t\u00e9l\u00e9charger le texte \u2018\u2019relu et corrig\u00e9\u2019\u2019"},"content":{"rendered":"<div><img decoding=\"async\" src=\"https:\/\/linitiative.ca\/International\/wp-content\/uploads\/sites\/23\/2022\/07\/1657312247_article.jpg\" alt=\"Kais Sa\u00efed reprend sa copie et r\u00e9v\u00e8le sa Constitution V2 : t\u00e9l\u00e9charger le texte \u2018\u2019relu et corrig\u00e9\u2019\u2019\" align=\"left\">Des coquilles se sont gliss\u00e9es dans le texte publi\u00e9 du projet de la nouvelle constitution. Une version \u2018\u2019relue et corrig\u00e9e\u2019\u2019 sera publi\u00e9e au Journal officiel. C\u2019est ce qu\u2019a annonc\u00e9 le pr\u00e9sident Kais Sa\u00efed lors de son adresse de v\u0153ux \u00e0 la nation, vendredi en d\u00e9but de soir\u00e9e, \u00e0 l\u2019occasion de l\u2019A\u00efd. Il ne s\u2019agit point de renoncement \u00e0 des principes et \u00e0 des dispositions, a-t-il indiqu\u00e9, mais de corrections, d\u2019explicitations rendues n\u00e9cessaires et un r\u00e9-ordonnancement de certains articles.<br \/>\nSans se d\u00e9juger, et pour se justifier, le pr\u00e9sident Sa\u00efed a expliqu\u00e9 que tout texte juridique comme jugement peuvent ne pas \u00eatre exempts de coquilles et &#8230;<\/p>\n<\/div>\n<p>Auteur:<br \/>\n<a href=\"https:\/\/www.leaders.com.tn\/article\/33588-kais-saied-reprend-sa-copie-et-revele-sa-constitution-v2-telecharger-le-texte-relu-et-corrige\">Cliquez ici pour lire l&rsquo;article depuis sa source.<\/a><\/p>\n","protected":false},"excerpt":{"rendered":"<p>Des coquilles se sont gliss\u00e9es dans le texte publi\u00e9 du projet de la nouvelle constitution. Une version \u2018\u2019relue et corrig\u00e9e\u2019\u2019 sera publi\u00e9e au Journal officiel. C\u2019est ce qu\u2019a annonc\u00e9 le pr\u00e9sident Kais Sa\u00efed lors de son adresse de v\u0153ux \u00e0 la nation, vendredi en d\u00e9but de soir\u00e9e, \u00e0 l\u2019occasion de l\u2019A\u00efd. Il ne s\u2019agit point [&hellip;]<\/p>\n","protected":false},"author":1772,"featured_media":0,"comment_status":"closed","ping_status":"closed","sticky":false,"template":"","format":"standard","meta":{"fifu_image_url":"http:\/\/www.leaders.com.tn\/uploads\/content\/thumbnails_small\/1657312247_article.jpg","fifu_image_alt":"Kais Sa\u00efed reprend sa copie et r\u00e9v\u00e8le sa Constitution V2 : t\u00e9l\u00e9charger le texte \u2018\u2019relu et corrig\u00e9\u2019\u2019","footnotes":""},"categories":[73,55],"tags":[],"class_list":["post-152133","post","type-post","status-publish","format-standard","hentry","category-actualite","category-tunisie"],"_links":{"self":[{"href":"https:\/\/linitiative.ca\/International\/wp-json\/wp\/v2\/posts\/152133","targetHints":{"allow":["GET"]}}],"collection":[{"href":"https:\/\/linitiative.ca\/International\/wp-json\/wp\/v2\/posts"}],"about":[{"href":"https:\/\/linitiative.ca\/International\/wp-json\/wp\/v2\/types\/post"}],"author":[{"embeddable":true,"href":"https:\/\/linitiative.ca\/International\/wp-json\/wp\/v2\/users\/1772"}],"replies":[{"embeddable":true,"href":"https:\/\/linitiative.ca\/International\/wp-json\/wp\/v2\/comments?post=152133"}],"version-history":[{"count":0,"href":"https:\/\/linitiative.ca\/International\/wp-json\/wp\/v2\/posts\/152133\/revisions"}],"wp:attachment":[{"href":"https:\/\/linitiative.ca\/International\/wp-json\/wp\/v2\/media?parent=152133"}],"wp:term":[{"taxonomy":"category","embeddable":true,"href":"https:\/\/linitiative.ca\/International\/wp-json\/wp\/v2\/categories?post=152133"},{"taxonomy":"post_tag","embeddable":true,"href":"https:\/\/linitiative.ca\/International\/wp-json\/wp\/v2\/tags?post=152133"}],"curies":[{"name":"wp","href":"https:\/\/api.w.org\/{rel}","templated":true}]}}