{"id":152135,"date":"2022-07-09T04:00:00","date_gmt":"2022-07-09T08:00:00","guid":{"rendered":"https:\/\/linitiative.ca\/International\/jhianoui-pour-un-nouveau-partenariat-strategique-etats-unis-amerique-et-pays-de-la-region-mena\/"},"modified":"2022-07-09T04:00:00","modified_gmt":"2022-07-09T08:00:00","slug":"jhianoui-pour-un-nouveau-partenariat-strategique-etats-unis-amerique-et-pays-de-la-region-mena","status":"publish","type":"post","link":"https:\/\/linitiative.ca\/International\/jhianoui-pour-un-nouveau-partenariat-strategique-etats-unis-amerique-et-pays-de-la-region-mena\/","title":{"rendered":"Jhianoui : Pour un nouveau partenariat strat\u00e9gique Etats-Unis, Am\u00e9rique et pays de la r\u00e9gion MENA"},"content":{"rendered":"<div><img decoding=\"async\" src=\"https:\/\/linitiative.ca\/International\/wp-content\/uploads\/sites\/23\/2022\/07\/1657224642_article.jpg\" alt=\"Un nouveau partenariat strat\u00e9gique\" align=\"left\">L\u2019ancien ministre des Affaires \u00e9trang\u00e8res, Khema\u00efes Jhinaoui, a plaid\u00e9 pour un nouveau partenariat strat\u00e9gique entre les \u00c9tats-Unis d\u2019Am\u00e9rique, l\u2019Europe et les pays de la r\u00e9gion Afrique du Nord Moyen-Orient. Il a appel\u00e9 les \u00c9tats-Unis et l\u2019Union europ\u00e9enne (UE) \u00e0 recentrer leur politique dans la r\u00e9gion, les invitant notamment \u00e0 agir imm\u00e9diatement pour limiter les retomb\u00e9es \u00e9conomiques et sociales de la guerre russe en Ukraine, en particulier les inqui\u00e9tudes d\u00e9coulant du blocus des exportations de c\u00e9r\u00e9ales de l\u2019Ukraine d\u00fb \u00e0 l\u2019invasion russe. M. Jhinaoui les a \u00e9galement exhort\u00e9s \u00e0 se r\u00e9engager dans la r\u00e9gion Mena et projeter une approche \u00e9quilibr\u00e9e de &#8230;<\/p>\n<\/div>\n<p>Auteur:<br \/>\n<a href=\"https:\/\/www.leaders.com.tn\/article\/33584-un-nouveau-partenariat-strategique\">Cliquez ici pour lire l&rsquo;article depuis sa source.<\/a><\/p>\n","protected":false},"excerpt":{"rendered":"<p>L\u2019ancien ministre des Affaires \u00e9trang\u00e8res, Khema\u00efes Jhinaoui, a plaid\u00e9 pour un nouveau partenariat strat\u00e9gique entre les \u00c9tats-Unis d\u2019Am\u00e9rique, l\u2019Europe et les pays de la r\u00e9gion Afrique du Nord Moyen-Orient. Il a appel\u00e9 les \u00c9tats-Unis et l\u2019Union europ\u00e9enne (UE) \u00e0 recentrer leur politique dans la r\u00e9gion, les invitant notamment \u00e0 agir imm\u00e9diatement pour limiter les retomb\u00e9es [&hellip;]<\/p>\n","protected":false},"author":1772,"featured_media":0,"comment_status":"closed","ping_status":"closed","sticky":false,"template":"","format":"standard","meta":{"fifu_image_url":"http:\/\/www.leaders.com.tn\/uploads\/content\/thumbnails_small\/1657224642_article.jpg","fifu_image_alt":"Jhianoui : Pour un nouveau partenariat strat\u00e9gique Etats-Unis, Am\u00e9rique et pays de la r\u00e9gion MENA","footnotes":""},"categories":[73,55],"tags":[],"class_list":["post-152135","post","type-post","status-publish","format-standard","hentry","category-actualite","category-tunisie"],"_links":{"self":[{"href":"https:\/\/linitiative.ca\/International\/wp-json\/wp\/v2\/posts\/152135","targetHints":{"allow":["GET"]}}],"collection":[{"href":"https:\/\/linitiative.ca\/International\/wp-json\/wp\/v2\/posts"}],"about":[{"href":"https:\/\/linitiative.ca\/International\/wp-json\/wp\/v2\/types\/post"}],"author":[{"embeddable":true,"href":"https:\/\/linitiative.ca\/International\/wp-json\/wp\/v2\/users\/1772"}],"replies":[{"embeddable":true,"href":"https:\/\/linitiative.ca\/International\/wp-json\/wp\/v2\/comments?post=152135"}],"version-history":[{"count":0,"href":"https:\/\/linitiative.ca\/International\/wp-json\/wp\/v2\/posts\/152135\/revisions"}],"wp:attachment":[{"href":"https:\/\/linitiative.ca\/International\/wp-json\/wp\/v2\/media?parent=152135"}],"wp:term":[{"taxonomy":"category","embeddable":true,"href":"https:\/\/linitiative.ca\/International\/wp-json\/wp\/v2\/categories?post=152135"},{"taxonomy":"post_tag","embeddable":true,"href":"https:\/\/linitiative.ca\/International\/wp-json\/wp\/v2\/tags?post=152135"}],"curies":[{"name":"wp","href":"https:\/\/api.w.org\/{rel}","templated":true}]}}