{"id":152139,"date":"2022-07-09T10:32:59","date_gmt":"2022-07-09T14:32:59","guid":{"rendered":"https:\/\/linitiative.ca\/International\/mondiaux-dathletisme-15-athletes-representeront-le-maroc\/"},"modified":"2022-07-09T10:32:59","modified_gmt":"2022-07-09T14:32:59","slug":"mondiaux-dathletisme-15-athletes-representeront-le-maroc","status":"publish","type":"post","link":"https:\/\/linitiative.ca\/International\/mondiaux-dathletisme-15-athletes-representeront-le-maroc\/","title":{"rendered":"Mondiaux d\u2019athl\u00e9tisme. 15 athl\u00e8tes repr\u00e9senteront le Maroc"},"content":{"rendered":"<div><img decoding=\"async\" width=\"600\" height=\"337\" src=\"https:\/\/linitiative.ca\/International\/wp-content\/uploads\/sites\/23\/2022\/07\/soufiane-el-bakkali-1200x675-600-x-337.jpg\" class=\"attachment-post-thumbnail size-post-thumbnail wp-post-image\" alt=\"\" loading=\"lazy\" srcset=\"https:\/\/linitiative.ca\/International\/wp-content\/uploads\/sites\/23\/2022\/07\/soufiane-el-bakkali-1200x675-600-x-337.jpg 600w, https:\/\/www.challenge.ma\/wp-content\/uploads\/2022\/07\/soufiane-el-bakkali-1200x675-600-x-337-300x169.jpg 300w, https:\/\/www.challenge.ma\/wp-content\/uploads\/2022\/07\/soufiane-el-bakkali-1200x675-600-x-337-360x202.jpg 360w\" sizes=\"auto, (max-width: 600px) 100vw, 600px\" itemprop=\"image\">Une quinzaine d\u2019athl\u00e8tes repr\u00e9senteront le Maroc \u00e0 la 18\u00e8me \u00e9dition des Championnats du monde d\u2019athl\u00e9tisme, qui se tiendra \u00e0 Eug\u00e8ne, aux Etats Unis du 15 au 24 juillet courant. L\u2019\u00e9quipe masculine comprend le champion olympique et auteur de la meilleure performance mondiale de l\u2019ann\u00e9e au 3 000 m steeple Soufiane<\/div>\n<p>Auteur: David J\u00e9r\u00e9mie<br \/>\n<a href=\"https:\/\/www.challenge.ma\/mondiaux-dathletisme-15-athletes-representeront-le-maroc-242300\/\">Cliquez ici pour lire l&rsquo;article depuis sa source.<\/a><\/p>\n","protected":false},"excerpt":{"rendered":"<p>Une quinzaine d\u2019athl\u00e8tes repr\u00e9senteront le Maroc \u00e0 la 18\u00e8me \u00e9dition des Championnats du monde d\u2019athl\u00e9tisme, qui se tiendra \u00e0 Eug\u00e8ne, aux Etats Unis du 15 au 24 juillet courant. L\u2019\u00e9quipe masculine comprend le champion olympique et auteur de la meilleure performance mondiale de l\u2019ann\u00e9e au 3 000 m steeple Soufiane Auteur: David J\u00e9r\u00e9mie Cliquez ici [&hellip;]<\/p>\n","protected":false},"author":1787,"featured_media":0,"comment_status":"closed","ping_status":"closed","sticky":false,"template":"","format":"standard","meta":{"fifu_image_url":"https:\/\/www.challenge.ma\/wp-content\/uploads\/2022\/07\/soufiane-el-bakkali-1200x675-600-x-337.jpg","fifu_image_alt":"Mondiaux d\u2019athl\u00e9tisme. 15 athl\u00e8tes repr\u00e9senteront le Maroc","footnotes":""},"categories":[78,54],"tags":[],"class_list":["post-152139","post","type-post","status-publish","format-standard","hentry","category-economie","category-maroc"],"_links":{"self":[{"href":"https:\/\/linitiative.ca\/International\/wp-json\/wp\/v2\/posts\/152139","targetHints":{"allow":["GET"]}}],"collection":[{"href":"https:\/\/linitiative.ca\/International\/wp-json\/wp\/v2\/posts"}],"about":[{"href":"https:\/\/linitiative.ca\/International\/wp-json\/wp\/v2\/types\/post"}],"author":[{"embeddable":true,"href":"https:\/\/linitiative.ca\/International\/wp-json\/wp\/v2\/users\/1787"}],"replies":[{"embeddable":true,"href":"https:\/\/linitiative.ca\/International\/wp-json\/wp\/v2\/comments?post=152139"}],"version-history":[{"count":0,"href":"https:\/\/linitiative.ca\/International\/wp-json\/wp\/v2\/posts\/152139\/revisions"}],"wp:attachment":[{"href":"https:\/\/linitiative.ca\/International\/wp-json\/wp\/v2\/media?parent=152139"}],"wp:term":[{"taxonomy":"category","embeddable":true,"href":"https:\/\/linitiative.ca\/International\/wp-json\/wp\/v2\/categories?post=152139"},{"taxonomy":"post_tag","embeddable":true,"href":"https:\/\/linitiative.ca\/International\/wp-json\/wp\/v2\/tags?post=152139"}],"curies":[{"name":"wp","href":"https:\/\/api.w.org\/{rel}","templated":true}]}}