{"id":152141,"date":"2022-07-09T11:51:13","date_gmt":"2022-07-09T15:51:13","guid":{"rendered":"https:\/\/linitiative.ca\/International\/lydec-sebastien-daziano-nomme-a-la-presidence-du-conseil-dadministration\/"},"modified":"2022-07-09T11:51:13","modified_gmt":"2022-07-09T15:51:13","slug":"lydec-sebastien-daziano-nomme-a-la-presidence-du-conseil-dadministration","status":"publish","type":"post","link":"https:\/\/linitiative.ca\/International\/lydec-sebastien-daziano-nomme-a-la-presidence-du-conseil-dadministration\/","title":{"rendered":"Lydec. S\u00e9bastien Daziano nomm\u00e9 \u00e0 la pr\u00e9sidence du Conseil d\u2019Administration"},"content":{"rendered":"<div><img decoding=\"async\" width=\"397\" height=\"254\" src=\"https:\/\/linitiative.ca\/International\/wp-content\/uploads\/sites\/23\/2022\/07\/Daziano-400x400-1.jpg\" class=\"attachment-post-thumbnail size-post-thumbnail wp-post-image\" alt=\"\" loading=\"lazy\" srcset=\"https:\/\/linitiative.ca\/International\/wp-content\/uploads\/sites\/23\/2022\/07\/Daziano-400x400-1.jpg 397w, https:\/\/www.challenge.ma\/wp-content\/uploads\/2022\/07\/Daziano-400x400-1-300x192.jpg 300w, https:\/\/www.challenge.ma\/wp-content\/uploads\/2022\/07\/Daziano-400x400-1-360x230.jpg 360w\" sizes=\"auto, (max-width: 397px) 100vw, 397px\" itemprop=\"image\">Lydec a annonc\u00e9 la nomination de S\u00e9bastien Daziano \u00e0 la pr\u00e9sidence du Conseil d\u2019administration, succ\u00e9dant ainsi \u00e0 Guillaume Pepy. Le Conseil d\u2019administration, qui s\u2019est tenu r\u00e9cemment au si\u00e8ge de la Soci\u00e9t\u00e9, a ainsi adopt\u00e9 \u00e0 l\u2019unanimit\u00e9 cette d\u00e9cision. M. Daziano y assure ses fonctions depuis le 7 juillet courant dans<\/div>\n<p>Auteur: David J\u00e9r\u00e9mie<br \/>\n<a href=\"https:\/\/www.challenge.ma\/lydec-sebastien-daziano-nomme-a-la-presidence-du-conseil-dadministration-242305\/\">Cliquez ici pour lire l&rsquo;article depuis sa source.<\/a><\/p>\n","protected":false},"excerpt":{"rendered":"<p>Lydec a annonc\u00e9 la nomination de S\u00e9bastien Daziano \u00e0 la pr\u00e9sidence du Conseil d\u2019administration, succ\u00e9dant ainsi \u00e0 Guillaume Pepy. Le Conseil d\u2019administration, qui s\u2019est tenu r\u00e9cemment au si\u00e8ge de la Soci\u00e9t\u00e9, a ainsi adopt\u00e9 \u00e0 l\u2019unanimit\u00e9 cette d\u00e9cision. M. Daziano y assure ses fonctions depuis le 7 juillet courant dans Auteur: David J\u00e9r\u00e9mie Cliquez ici [&hellip;]<\/p>\n","protected":false},"author":1787,"featured_media":0,"comment_status":"closed","ping_status":"closed","sticky":false,"template":"","format":"standard","meta":{"fifu_image_url":"https:\/\/www.challenge.ma\/wp-content\/uploads\/2022\/07\/Daziano-400x400-1.jpg","fifu_image_alt":"Lydec. S\u00e9bastien Daziano nomm\u00e9 \u00e0 la pr\u00e9sidence du Conseil d\u2019Administration","footnotes":""},"categories":[78,54],"tags":[],"class_list":["post-152141","post","type-post","status-publish","format-standard","hentry","category-economie","category-maroc"],"_links":{"self":[{"href":"https:\/\/linitiative.ca\/International\/wp-json\/wp\/v2\/posts\/152141","targetHints":{"allow":["GET"]}}],"collection":[{"href":"https:\/\/linitiative.ca\/International\/wp-json\/wp\/v2\/posts"}],"about":[{"href":"https:\/\/linitiative.ca\/International\/wp-json\/wp\/v2\/types\/post"}],"author":[{"embeddable":true,"href":"https:\/\/linitiative.ca\/International\/wp-json\/wp\/v2\/users\/1787"}],"replies":[{"embeddable":true,"href":"https:\/\/linitiative.ca\/International\/wp-json\/wp\/v2\/comments?post=152141"}],"version-history":[{"count":0,"href":"https:\/\/linitiative.ca\/International\/wp-json\/wp\/v2\/posts\/152141\/revisions"}],"wp:attachment":[{"href":"https:\/\/linitiative.ca\/International\/wp-json\/wp\/v2\/media?parent=152141"}],"wp:term":[{"taxonomy":"category","embeddable":true,"href":"https:\/\/linitiative.ca\/International\/wp-json\/wp\/v2\/categories?post=152141"},{"taxonomy":"post_tag","embeddable":true,"href":"https:\/\/linitiative.ca\/International\/wp-json\/wp\/v2\/tags?post=152141"}],"curies":[{"name":"wp","href":"https:\/\/api.w.org\/{rel}","templated":true}]}}