{"id":152145,"date":"2022-07-09T15:10:45","date_gmt":"2022-07-09T19:10:45","guid":{"rendered":"https:\/\/linitiative.ca\/International\/gafsa-covid-19-attention-a-la-marche\/"},"modified":"2022-07-09T15:10:45","modified_gmt":"2022-07-09T19:10:45","slug":"gafsa-covid-19-attention-a-la-marche","status":"publish","type":"post","link":"https:\/\/linitiative.ca\/International\/gafsa-covid-19-attention-a-la-marche\/","title":{"rendered":"Gafsa : Covid 19 ,attention \u00e0 la marche."},"content":{"rendered":"<div>\n<p>A Gafsa, un arr\u00eat sur image laisse d\u00e9gager 3 d\u00e9c\u00e8s au cours de la derni\u00e8re semaine, dont deux \u00e0 l\u2019h\u00f4pital r\u00e9gional de Gafsa qui vient de r\u00e9-ouvrir l\u2019unit\u00e9 Covid 19. Dans le m\u00eame sillage, une source fiable du service SAMU 06 nous apporte que depuis le 4 juillet et jusqu\u2019\u00e0 vendredi 8 du mois ,32 [\u2026]<\/p>\n<p>L\u2019article <a href=\"https:\/\/www.tunisienumerique.com\/gafsa-covid-19-attention-a-la-marche\/\">Gafsa : Covid 19 ,attention \u00e0 la marche.<\/a> est apparu en premier sur <a href=\"https:\/\/www.tunisienumerique.com\/\">Tunisie<\/a>.<\/p>\n<\/div>\n<p>Auteur: Hafedh Trabelsi<br \/>\n<a href=\"https:\/\/www.tunisienumerique.com\/gafsa-covid-19-attention-a-la-marche\/\">Cliquez ici pour lire l&rsquo;article depuis sa source.<\/a><\/p>\n","protected":false},"excerpt":{"rendered":"<p>A Gafsa, un arr\u00eat sur image laisse d\u00e9gager 3 d\u00e9c\u00e8s au cours de la derni\u00e8re semaine, dont deux \u00e0 l\u2019h\u00f4pital r\u00e9gional de Gafsa qui vient de r\u00e9-ouvrir l\u2019unit\u00e9 Covid 19. Dans le m\u00eame sillage, une source fiable du service SAMU 06 nous apporte que depuis le 4 juillet et jusqu\u2019\u00e0 vendredi 8 du mois ,32 [&hellip;]<\/p>\n","protected":false},"author":1789,"featured_media":0,"comment_status":"closed","ping_status":"closed","sticky":false,"template":"","format":"standard","meta":{"fifu_image_url":"","fifu_image_alt":"","footnotes":""},"categories":[73,55],"tags":[],"class_list":["post-152145","post","type-post","status-publish","format-standard","hentry","category-actualite","category-tunisie"],"_links":{"self":[{"href":"https:\/\/linitiative.ca\/International\/wp-json\/wp\/v2\/posts\/152145","targetHints":{"allow":["GET"]}}],"collection":[{"href":"https:\/\/linitiative.ca\/International\/wp-json\/wp\/v2\/posts"}],"about":[{"href":"https:\/\/linitiative.ca\/International\/wp-json\/wp\/v2\/types\/post"}],"author":[{"embeddable":true,"href":"https:\/\/linitiative.ca\/International\/wp-json\/wp\/v2\/users\/1789"}],"replies":[{"embeddable":true,"href":"https:\/\/linitiative.ca\/International\/wp-json\/wp\/v2\/comments?post=152145"}],"version-history":[{"count":0,"href":"https:\/\/linitiative.ca\/International\/wp-json\/wp\/v2\/posts\/152145\/revisions"}],"wp:attachment":[{"href":"https:\/\/linitiative.ca\/International\/wp-json\/wp\/v2\/media?parent=152145"}],"wp:term":[{"taxonomy":"category","embeddable":true,"href":"https:\/\/linitiative.ca\/International\/wp-json\/wp\/v2\/categories?post=152145"},{"taxonomy":"post_tag","embeddable":true,"href":"https:\/\/linitiative.ca\/International\/wp-json\/wp\/v2\/tags?post=152145"}],"curies":[{"name":"wp","href":"https:\/\/api.w.org\/{rel}","templated":true}]}}