{"id":152148,"date":"2022-07-09T07:00:28","date_gmt":"2022-07-09T11:00:28","guid":{"rendered":"https:\/\/linitiative.ca\/International\/fete-de-laid-el-kebir-puissent-vos-prieres-participer-a-apaiser-les-coeurs-et-a-renforcer-notre-vivre-ensemble-president-du-faso\/"},"modified":"2022-07-09T07:00:28","modified_gmt":"2022-07-09T11:00:28","slug":"fete-de-laid-el-kebir-puissent-vos-prieres-participer-a-apaiser-les-coeurs-et-a-renforcer-notre-vivre-ensemble-president-du-faso","status":"publish","type":"post","link":"https:\/\/linitiative.ca\/International\/fete-de-laid-el-kebir-puissent-vos-prieres-participer-a-apaiser-les-coeurs-et-a-renforcer-notre-vivre-ensemble-president-du-faso\/","title":{"rendered":"F\u00eate de l\u2019A\u00efd El Kebir : (Puissent vos pri\u00e8res, participer \u00e0 apaiser les c\u0153urs et \u00e0 renforcer notre vivre-ensemble ),president du Faso"},"content":{"rendered":"<div>\n<p><em><strong>A l\u2019oaccasion de la f\u00eate de Tabaski 2022, le pr\u00e9sident du Faso Paul-Henri Sandaogo Damiba a adress\u00e9 un message aux fid\u00e8les musulmans du Burkina Faso.<\/strong><\/em><\/p>\n<p>\u00ab\u00a0Ce samedi 9 juillet 2022, les fid\u00e8les musulmans du Burkina Faso c\u00e9l\u00e8brent l\u2019A\u00efd El Kebir. Cette ann\u00e9e encore, la f\u00eate de Tabaski a lieu dans un contexte s\u00e9curitaire pr\u00e9occupant.<\/p>\n<p>Puissent vos pri\u00e8res, en cette occasion, participer \u00e0 apaiser les c\u0153urs et \u00e0 renforcer notre vivre-ensemble afin que dans une union nationale, nous b\u00e2tissions un Burkina Faso de paix et de coh\u00e9sion sociale\u00a0\u00bb !<\/p>\n<p>Il a eu une pens\u00e9e pieuse pour d\u00e9plac\u00e9es internes,les Forces de d\u00e9fense et de s\u00e9curit\u00e9 et lesVolontaires pour la d\u00e9fense de la patrie. Il a demand\u00e9 \u00e0 ce que Allah agr\u00e9e le p\u00e8lerinage des compatriotes actuellement \u00e0 la Mecque et les ram\u00e8ne en bonne sant\u00e9.<\/p>\n<p>\u00ab\u00a0Bonne c\u00e9l\u00e9bration \u00e0 tous !\u00a0\u00bb<\/p>\n<p><strong>Sidwaya.info<\/strong><\/p>\n<p>\u00a0<\/p>\n<\/div>\n<p>Auteur: Wamini SIDWAYA<br \/>\n<a href=\"https:\/\/www.sidwaya.info\/blog\/2022\/07\/09\/fete-de-laid-el-kebir-puissent-vos-prieres-participer-a-apaiser-les-coeurs-et-a-renforcer-notre-vivre-ensemble-president-du-faso\/\">Cliquez ici pour lire l&rsquo;article depuis sa source.<\/a><\/p>\n","protected":false},"excerpt":{"rendered":"<p>A l\u2019oaccasion de la f\u00eate de Tabaski 2022, le pr\u00e9sident du Faso Paul-Henri Sandaogo Damiba a adress\u00e9 un message aux fid\u00e8les musulmans du Burkina Faso. \u00ab\u00a0Ce samedi 9 juillet 2022, les fid\u00e8les musulmans du Burkina Faso c\u00e9l\u00e8brent l\u2019A\u00efd El Kebir. Cette ann\u00e9e encore, la f\u00eate de Tabaski a lieu dans un contexte s\u00e9curitaire pr\u00e9occupant. Puissent [&hellip;]<\/p>\n","protected":false},"author":1816,"featured_media":0,"comment_status":"closed","ping_status":"closed","sticky":false,"template":"","format":"standard","meta":{"fifu_image_url":"","fifu_image_alt":"","footnotes":""},"categories":[73,81],"tags":[],"class_list":["post-152148","post","type-post","status-publish","format-standard","hentry","category-actualite","category-burkina-faso"],"_links":{"self":[{"href":"https:\/\/linitiative.ca\/International\/wp-json\/wp\/v2\/posts\/152148","targetHints":{"allow":["GET"]}}],"collection":[{"href":"https:\/\/linitiative.ca\/International\/wp-json\/wp\/v2\/posts"}],"about":[{"href":"https:\/\/linitiative.ca\/International\/wp-json\/wp\/v2\/types\/post"}],"author":[{"embeddable":true,"href":"https:\/\/linitiative.ca\/International\/wp-json\/wp\/v2\/users\/1816"}],"replies":[{"embeddable":true,"href":"https:\/\/linitiative.ca\/International\/wp-json\/wp\/v2\/comments?post=152148"}],"version-history":[{"count":0,"href":"https:\/\/linitiative.ca\/International\/wp-json\/wp\/v2\/posts\/152148\/revisions"}],"wp:attachment":[{"href":"https:\/\/linitiative.ca\/International\/wp-json\/wp\/v2\/media?parent=152148"}],"wp:term":[{"taxonomy":"category","embeddable":true,"href":"https:\/\/linitiative.ca\/International\/wp-json\/wp\/v2\/categories?post=152148"},{"taxonomy":"post_tag","embeddable":true,"href":"https:\/\/linitiative.ca\/International\/wp-json\/wp\/v2\/tags?post=152148"}],"curies":[{"name":"wp","href":"https:\/\/api.w.org\/{rel}","templated":true}]}}