{"id":152149,"date":"2022-07-09T09:00:35","date_gmt":"2022-07-09T13:00:35","guid":{"rendered":"https:\/\/linitiative.ca\/International\/fete-de-laid-el-kebir-les-fideles-musulmans-ont-prie-pour-le-retour-de-la-paix\/"},"modified":"2022-07-09T09:00:35","modified_gmt":"2022-07-09T13:00:35","slug":"fete-de-laid-el-kebir-les-fideles-musulmans-ont-prie-pour-le-retour-de-la-paix","status":"publish","type":"post","link":"https:\/\/linitiative.ca\/International\/fete-de-laid-el-kebir-les-fideles-musulmans-ont-prie-pour-le-retour-de-la-paix\/","title":{"rendered":"F\u00eate de l\u2019A\u00efd El Kebir\u00a0: Les fid\u00e8les musulmans ont pri\u00e9 pour le retour de la paix"},"content":{"rendered":"<div>\n<p><strong>Les fid\u00e8les musulmans du Burkina c\u00e9l\u00e8brent ce samedi 09 juillet 2022, la f\u00eate de l\u2019A\u00efd El Kebir. A Ouagadougou, de milliers de fid\u00e8les ont pris d\u2019assaut la place de nation. Le moogho naaba \u00e9tait aussi pr\u00e9sent \u00e0 cette c\u00e9r\u00e9monie. <\/strong><\/p>\n<p>A l\u2019instar des autres musulmans du monde, les fid\u00e8les du Burkina Faso f\u00eatent l\u2019A\u00efd El Kebir ce samedi 9 juillet 2022. A cette occasion, des centaines de milliers de fid\u00e8les musulmans se sont rassembl\u00e9s \u00e0 la place de la Nation \u00e0 Ouagadougou pour prier pour la paix et le vivre ensemble.<\/p>\n<p>Sous la direction de l\u2019imam de la grande mosqu\u00e9e de Ouagadougou, Abdallah Ou\u00e9draogo, ils ont invoqu\u00e9 Allah pour le retour de la paix et la r\u00e9conciliation au Burkina. Dans son sermon, il a insist\u00e9 sur la promotion de la coh\u00e9sion sociale au Burkina Faso, gage de la paix. A cette occasion, il a invit\u00e9 ses fr\u00e8res musulmans \u00e0 \u00eatre des acteurs de paix.<\/p>\n<p><img decoding=\"async\" data-attachment-id=\"52064\" data-permalink=\"https:\/\/www.sidwaya.info\/blog\/2022\/07\/09\/fete-de-laid-el-kebir-les-fideles-musulmans-ont-prie-pour-le-retour-de-la-paix\/ph-imam\/\" data-orig-file=\"https:\/\/i0.wp.com\/www.sidwaya.info\/wp-content\/uploads\/2022\/07\/PH-IMAM.jpg?fit=1008%2C567&amp;ssl=1\" data-orig-size=\"1008,567\" data-comments-opened=\"1\" data-image-meta='{\"aperture\":\"0\",\"credit\":\"\",\"camera\":\"\",\"caption\":\"\",\"created_timestamp\":\"0\",\"copyright\":\"\",\"focal_length\":\"0\",\"iso\":\"0\",\"shutter_speed\":\"0\",\"title\":\"\",\"orientation\":\"0\"}' data-image-title=\"PH IMAM\" data-image-description=\"\" data-image-caption=\"\" data-medium-file=\"https:\/\/i0.wp.com\/www.sidwaya.info\/wp-content\/uploads\/2022\/07\/PH-IMAM.jpg?fit=300%2C169&amp;ssl=1\" data-large-file=\"https:\/\/i0.wp.com\/www.sidwaya.info\/wp-content\/uploads\/2022\/07\/PH-IMAM.jpg?fit=696%2C392&amp;ssl=1\" loading=\"lazy\" class=\"alignnone size-full wp-image-52064\" src=\"https:\/\/i0.wp.com\/www.sidwaya.info\/wp-content\/uploads\/2022\/07\/PH-IMAM.jpg?resize=696,392&amp;ssl=1\" alt=\"\" width=\"696\" height=\"392\" srcset=\"https:\/\/i0.wp.com\/www.sidwaya.info\/wp-content\/uploads\/2022\/07\/PH-IMAM.jpg?w=1008&amp;ssl=1 1008w, https:\/\/i0.wp.com\/www.sidwaya.info\/wp-content\/uploads\/2022\/07\/PH-IMAM.jpg?resize=300%2C169&amp;ssl=1 300w, https:\/\/i0.wp.com\/www.sidwaya.info\/wp-content\/uploads\/2022\/07\/PH-IMAM.jpg?resize=768%2C432&amp;ssl=1 768w, https:\/\/i0.wp.com\/www.sidwaya.info\/wp-content\/uploads\/2022\/07\/PH-IMAM.jpg?resize=150%2C84&amp;ssl=1 150w, https:\/\/i0.wp.com\/www.sidwaya.info\/wp-content\/uploads\/2022\/07\/PH-IMAM.jpg?resize=696,392&amp;ssl=1 696w, https:\/\/i0.wp.com\/www.sidwaya.info\/wp-content\/uploads\/2022\/07\/PH-IMAM.jpg?resize=747%2C420&amp;ssl=1 747w\" sizes=\"auto, (max-width: 696px) 100vw, 696px\" data-recalc-dims=\"1\"><\/p>\n<p>Quant au ministre en charge des Affaires religieuses, Issaka Sourw\u00e8ma, il a souhait\u00e9 au nom du gouvernement, une bonne f\u00eate de l\u2019A\u00efd El K\u00e9bir aux musulmans. Il a de ce fait rappeler la n\u00e9cessit\u00e9 de la coh\u00e9sion sociale.<\/p>\n<p>\u00ab\u00a0Nous invitons ceux-l\u00e0 qui ont pris les armes contre leurs fr\u00e8res et soeurs \u00e0 savoir raison garder et \u00e0 revenir \u00e0 la maison parce que la famille les attend avec impatience\u00a0\u00bb, a-t-il lanc\u00e9.<\/p>\n<p>Le pr\u00e9sident de la communaut\u00e9 musulmane du Burkina, Moussa Kouanda a lanc\u00e9 aussi le m\u00eame message de paix aux fid\u00e8les. Il a invit\u00e9 les acteurs politiques \u00e0 tout mettre en \u0153uvre pour la pr\u00e9servation de la paix au pays des Hommes int\u00e8gres au regard de l\u2019\u00e9volution de l\u2019actualit\u00e9.<\/p>\n<p>\u00a0<\/p>\n<p><strong>Sidwaya.info<\/strong><\/p>\n<p>\u00a0<\/p>\n<\/div>\n<p>Auteur: Wamini SIDWAYA<br \/>\n<a href=\"https:\/\/www.sidwaya.info\/blog\/2022\/07\/09\/fete-de-laid-el-kebir-les-fideles-musulmans-ont-prie-pour-le-retour-de-la-paix\/\">Cliquez ici pour lire l&rsquo;article depuis sa source.<\/a><\/p>\n","protected":false},"excerpt":{"rendered":"<p>Les fid\u00e8les musulmans du Burkina c\u00e9l\u00e8brent ce samedi 09 juillet 2022, la f\u00eate de l\u2019A\u00efd El Kebir. A Ouagadougou, de milliers de fid\u00e8les ont pris d\u2019assaut la place de nation. Le moogho naaba \u00e9tait aussi pr\u00e9sent \u00e0 cette c\u00e9r\u00e9monie. A l\u2019instar des autres musulmans du monde, les fid\u00e8les du Burkina Faso f\u00eatent l\u2019A\u00efd El Kebir [&hellip;]<\/p>\n","protected":false},"author":1816,"featured_media":0,"comment_status":"closed","ping_status":"closed","sticky":false,"template":"","format":"standard","meta":{"fifu_image_url":"https:\/\/i0.wp.com\/www.sidwaya.info\/wp-content\/uploads\/2022\/07\/PH-IMAM.jpg?resize=696,392&ssl=1","fifu_image_alt":"F\u00eate de l\u2019A\u00efd El Kebir\u00a0: Les fid\u00e8les musulmans ont pri\u00e9 pour le retour de la paix","footnotes":""},"categories":[73,81],"tags":[],"class_list":["post-152149","post","type-post","status-publish","format-standard","hentry","category-actualite","category-burkina-faso"],"_links":{"self":[{"href":"https:\/\/linitiative.ca\/International\/wp-json\/wp\/v2\/posts\/152149","targetHints":{"allow":["GET"]}}],"collection":[{"href":"https:\/\/linitiative.ca\/International\/wp-json\/wp\/v2\/posts"}],"about":[{"href":"https:\/\/linitiative.ca\/International\/wp-json\/wp\/v2\/types\/post"}],"author":[{"embeddable":true,"href":"https:\/\/linitiative.ca\/International\/wp-json\/wp\/v2\/users\/1816"}],"replies":[{"embeddable":true,"href":"https:\/\/linitiative.ca\/International\/wp-json\/wp\/v2\/comments?post=152149"}],"version-history":[{"count":0,"href":"https:\/\/linitiative.ca\/International\/wp-json\/wp\/v2\/posts\/152149\/revisions"}],"wp:attachment":[{"href":"https:\/\/linitiative.ca\/International\/wp-json\/wp\/v2\/media?parent=152149"}],"wp:term":[{"taxonomy":"category","embeddable":true,"href":"https:\/\/linitiative.ca\/International\/wp-json\/wp\/v2\/categories?post=152149"},{"taxonomy":"post_tag","embeddable":true,"href":"https:\/\/linitiative.ca\/International\/wp-json\/wp\/v2\/tags?post=152149"}],"curies":[{"name":"wp","href":"https:\/\/api.w.org\/{rel}","templated":true}]}}