{"id":152150,"date":"2022-07-08T19:18:03","date_gmt":"2022-07-08T23:18:03","guid":{"rendered":"https:\/\/linitiative.ca\/International\/drame-de-melilla-si-on-changeait-de-politique-migrants\/"},"modified":"2022-07-08T19:18:03","modified_gmt":"2022-07-08T23:18:03","slug":"drame-de-melilla-si-on-changeait-de-politique-migrants","status":"publish","type":"post","link":"https:\/\/linitiative.ca\/International\/drame-de-melilla-si-on-changeait-de-politique-migrants\/","title":{"rendered":"Drame de Melilla : \u00ab Si on changeait de politique ? \u00bb (Migrants)"},"content":{"rendered":"<div>\n<p><img decoding=\"async\" width=\"801\" height=\"501\" src=\"https:\/\/linitiative.ca\/International\/wp-content\/uploads\/sites\/23\/2022\/07\/16573222837200.jpg\" class=\"attachment-post-thumbnail size-post-thumbnail wp-post-image\" alt=\"\" loading=\"lazy\" srcset=\"https:\/\/linitiative.ca\/International\/wp-content\/uploads\/sites\/23\/2022\/07\/16573222837200.jpg 801w, https:\/\/www.journalducameroun.com\/wp-content\/uploads\/2022\/07\/16573222837200-300x188.jpg 300w, https:\/\/www.journalducameroun.com\/wp-content\/uploads\/2022\/07\/16573222837200-768x480.jpg 768w, https:\/\/www.journalducameroun.com\/wp-content\/uploads\/2022\/07\/16573222837200-703x440.jpg 703w, https:\/\/www.journalducameroun.com\/wp-content\/uploads\/2022\/07\/16573222837200-600x375.jpg 600w\" sizes=\"auto, (max-width: 801px) 100vw, 801px\"><\/p>\n<p>Au sein de la communaut\u00e9 africaine au Maroc, on r\u00e9clame un changement dans la gestion du probl\u00e8me des migrants en transit vers l&rsquo;Europe.La bousculade mortelle survenue le 24 juin dernier entre la ville marocaine de Nador et l&rsquo;enclave espagnole de Melilla, situ\u00e9e au Nord du Maroc, a provoqu\u00e9 l&rsquo;\u00e9moi dans le monde entier. 23 migrants, parmi plus d&rsquo;un millier de ressortissants de divers\u00a0pays africains ont trouv\u00e9 la mort apr\u00e8s avoir pris part \u00e0 un assaut contre la cl\u00f4ture s\u00e9parant la\u00a0cit\u00e9 marocaine de l&rsquo;enclave espagnole.<br \/>\n\tDeux semaines environ apr\u00e8s l&rsquo;incident, la communaut\u00e9 africaine install\u00e9e dans le royaume ch\u00e9rifien, reste encore sous le choc. Comme le reste des habitants du pays.<br \/>\n\tEmmanuel le pasteur, Souleymane l&rsquo;artiste, Marcel le juriste, ou encore Franck l&rsquo;activiste, confient \u00e0 APA news leur effroi, leur interrogation sur les causes r\u00e9elles de ce drame, mais aussi leur espoir que la mortelle bousculade serve de le\u00e7on pour\u00a0tous:\u00a0le Maroc, l&rsquo;Espagne, l&rsquo;Union europ\u00e9enne pour qu&rsquo;ils revoient leurs politiques de gestion des migrations. Mais aussi les migrants, eux-m\u00eames, qui ne sont pas souvent exempts de responsabilit\u00e9, selon eux.<\/p>\n<p>Marcel, juriste, militant des droits de l&rsquo;Homme et consultant, consultant en droit de la\u00a0migration :\u00a0<\/p>\n<p>\u00ab\u00a0De toute l&rsquo;actualit\u00e9 qui se chevauche ces derniers jours. Il y a des versions qui sont dites et d&rsquo;autres qui viennent les contredire. J&rsquo;estime qu&rsquo;il y a une \u00e9vidence qui a \u00e9t\u00e9 ignor\u00e9e et qui devait \u00eatre prise en compte, \u00e0 savoir que ces incidents sont le fait d&rsquo;un mouvement de foule qui est un tueur en puissance. Il faut garantir la dignit\u00e9 des migrants et \u0153uvrer \u00e0 les int\u00e9grer et \u00e0 leur garantir une vie d\u00e9cente \u00bb.<br \/>\n\tEmmanuel\u00a0Bamadu, pasteur et pr\u00e9sident l&rsquo;Association pour l&rsquo;int\u00e9gration des migrants, du\u00a0Nigeria :\u00a0<br \/>\n\tPersonne ne sait exactement ce qui s&rsquo;est pass\u00e9. Si je dois m&rsquo;adresser aux migrants, je leur dirai que l&rsquo;Europe n&rsquo;est pas une finalit\u00e9. Mourir sur les fronti\u00e8res est triste. Tous les risquent ne valent pas l&rsquo;Europe. Pourquoi d&rsquo;ailleurs ne pas rester au Maroc et construire son avenir ici au lieu d&rsquo;aller mourir sur les fronti\u00e8res \u00bb.\u00a0<\/p>\n<p>Franck Nama, pr\u00e9sident du r\u00e9seau Afrique-Migration-Int\u00e9gration :\u00a0<br \/>\n\t\u00ab \u00a0Je\u00a0pense qu&rsquo;une r\u00e9action \u00e0 chaud \u00a0sur ce qui s&rsquo;est pass\u00e9 entre Nador et\u00a0Melillia, est difficile. Nous sommes des migrants. Nous voyons d&rsquo;autres migrants mourir de cette fa\u00e7on, comme des combattants tomb\u00e9s sur le champ d&rsquo;honneur les armes \u00e0 la main. Nous sommes sous le choc. Nous ne savons pas tout ce qui s&rsquo;est pass\u00e9. Des hommes sont morts. Certains \u00e9taient des migrants. Mais d&rsquo;autres \u00e9taient\u00a0dee\u00a0\u00e9l\u00e9ments de forces de l&rsquo;ordre. Notre douleur est la m\u00eame dans les deux cas, l&rsquo;Union europ\u00e9enne et le Maroc doivent \u00eatre interpell\u00e9s pour r\u00e9soudre la question de la migration. J&rsquo;esp\u00e8re qu&rsquo;apr\u00e8s ce drame, ce probl\u00e8me des migrants africains en route pour l&rsquo;Europe \u00e0 partir du Maroc, les diff\u00e9rents acteurs concern\u00e9s vont se mettre au travail pour trouver une solution\u00a0\u00e0 cette question. Il faut un changement de politiques de\u00a0gestion de la question migratoire \u00bb.<\/p>\n<p>\u00a0Souleymane,\u00a0artiste :\u00a0<br \/>\n\t\u00ab C&rsquo;est une vraie catastrophe. La communaut\u00e9 internationale doit r\u00e9agir pour que les migrants ne meurent plus de cette mani\u00e8re. Le Maroc qui a adopt\u00e9 ces derni\u00e8res ann\u00e9es une politique de r\u00e9gularisation des migrants doit accorder davantage de titres de s\u00e9jour. Nous voulons juste trouver une vie meilleure \u00bb.\u00a0<\/p>\n<p>Balla Moussa, pr\u00e9sident de d&rsquo;une association de d\u00e9fense des droits des migrants :\u00a0<br \/>\n\t\u00ab Il y a des responsables dans cette affaire. Il fallait laisser les migrants entrer tranquillement \u00e0\u00a0Melilia, puis les expulser vers le Maroc. Pourquoi on en est arriv\u00e9 \u00e0\u00a0cela?\u00a0Le gouvernement marocain doit nous faciliter l&rsquo;obtention des titres de s\u00e9jour. Si les migrants gagnent un salaire d\u00e9cent, ils n&rsquo;ont\u00a0pas besoin d&rsquo;aller se jeter dans la mer ou tenter le passage en force vers l&rsquo;Europe \u00bb.<\/p>\n<p>Cet article <a rel=\"nofollow\" href=\"https:\/\/www.journalducameroun.com\/drame-de-melilla-si-on-changeait-de-politique-migrants\/\">Drame de Melilla : \u00ab Si on changeait de politique ? \u00bb (Migrants)<\/a> est apparu en premier sur <a rel=\"nofollow\" href=\"https:\/\/www.journalducameroun.com\/\">Journal du Cameroun<\/a>.<\/p>\n<\/div>\n<p>Auteur: APA News<br \/>\n<a href=\"https:\/\/www.journalducameroun.com\/drame-de-melilla-si-on-changeait-de-politique-migrants\/\">Cliquez ici pour lire l&rsquo;article depuis sa source.<\/a><\/p>\n","protected":false},"excerpt":{"rendered":"<p>Au sein de la communaut\u00e9 africaine au Maroc, on r\u00e9clame un changement dans la gestion du probl\u00e8me des migrants en transit vers l&rsquo;Europe.La bousculade mortelle survenue le 24 juin dernier entre la ville marocaine de Nador et l&rsquo;enclave espagnole de Melilla, situ\u00e9e au Nord du Maroc, a provoqu\u00e9 l&rsquo;\u00e9moi dans le monde entier. 23 migrants, [&hellip;]<\/p>\n","protected":false},"author":1965,"featured_media":0,"comment_status":"closed","ping_status":"closed","sticky":false,"template":"","format":"standard","meta":{"fifu_image_url":"https:\/\/www.journalducameroun.com\/wp-content\/uploads\/2022\/07\/16573222837200.jpg","fifu_image_alt":"Drame de Melilla : \u00ab Si on changeait de politique ? \u00bb (Migrants)","footnotes":""},"categories":[73,82],"tags":[],"class_list":["post-152150","post","type-post","status-publish","format-standard","hentry","category-actualite","category-cameroun"],"_links":{"self":[{"href":"https:\/\/linitiative.ca\/International\/wp-json\/wp\/v2\/posts\/152150","targetHints":{"allow":["GET"]}}],"collection":[{"href":"https:\/\/linitiative.ca\/International\/wp-json\/wp\/v2\/posts"}],"about":[{"href":"https:\/\/linitiative.ca\/International\/wp-json\/wp\/v2\/types\/post"}],"author":[{"embeddable":true,"href":"https:\/\/linitiative.ca\/International\/wp-json\/wp\/v2\/users\/1965"}],"replies":[{"embeddable":true,"href":"https:\/\/linitiative.ca\/International\/wp-json\/wp\/v2\/comments?post=152150"}],"version-history":[{"count":0,"href":"https:\/\/linitiative.ca\/International\/wp-json\/wp\/v2\/posts\/152150\/revisions"}],"wp:attachment":[{"href":"https:\/\/linitiative.ca\/International\/wp-json\/wp\/v2\/media?parent=152150"}],"wp:term":[{"taxonomy":"category","embeddable":true,"href":"https:\/\/linitiative.ca\/International\/wp-json\/wp\/v2\/categories?post=152150"},{"taxonomy":"post_tag","embeddable":true,"href":"https:\/\/linitiative.ca\/International\/wp-json\/wp\/v2\/tags?post=152150"}],"curies":[{"name":"wp","href":"https:\/\/api.w.org\/{rel}","templated":true}]}}