{"id":152152,"date":"2022-07-09T07:18:03","date_gmt":"2022-07-09T11:18:03","guid":{"rendered":"https:\/\/linitiative.ca\/International\/developpement-economie-et-migration-au-menu-des-quotidiens-et-hebdomadaires-marocains\/"},"modified":"2022-07-09T07:18:03","modified_gmt":"2022-07-09T11:18:03","slug":"developpement-economie-et-migration-au-menu-des-quotidiens-et-hebdomadaires-marocains","status":"publish","type":"post","link":"https:\/\/linitiative.ca\/International\/developpement-economie-et-migration-au-menu-des-quotidiens-et-hebdomadaires-marocains\/","title":{"rendered":"D\u00e9veloppement, \u00e9conomie et migration au menu des quotidiens et hebdomadaires marocains"},"content":{"rendered":"<div>\n<p><img decoding=\"async\" width=\"287\" height=\"176\" src=\"https:\/\/linitiative.ca\/International\/wp-content\/uploads\/sites\/23\/2022\/07\/16573654838856.jpg\" class=\"attachment-post-thumbnail size-post-thumbnail wp-post-image\" alt=\"\" loading=\"lazy\"><\/p>\n<p>La probl\u00e9matique du d\u00e9veloppement en Afrique, l&rsquo;importance des \u00e9v\u00e9nements artistiques et culturelles dans la reprise \u00e9conomique et la migration sont les principaux sujets trait\u00e9s par les hebdomadaires et quotidiens marocains parus ce samedi.+La Vie Eco+ \u00e9crit que dans le message du Roi Mohammed VI adress\u00e9 cette semaine au groupe africain des ministres des finances et des gouverneurs des banques centrales r\u00e9unis \u00e0 Marrakech, le souverain a mis le doigt sur un param\u00e8tre d\u00e9cisif qui constitue le c\u0153ur m\u00eame de l&rsquo;\u00e9quation de d\u00e9veloppement, \u00e0 savoir la productivit\u00e9 des facteurs cens\u00e9s g\u00e9n\u00e9rer la valeur et les richesses.<\/p>\n<p>L&rsquo;investissement r\u00e9alis\u00e9 par un Etat dans des infrastructures est cens\u00e9 g\u00e9n\u00e9rer de la valeur dans le sens o\u00f9 il doit drainer de l&rsquo;investissement priv\u00e9 qui, lui, est cr\u00e9ateur de valeur et d&#8217;emploi, explique le journal, ajoutant que dans cette lettre, le Souverain a soulev\u00e9, \u00e0 juste titre, l&rsquo;efficience de l&rsquo;investissement public.<\/p>\n<p>Au regard de ses ressources naturelles, malheureusement pas toujours valoris\u00e9es \u00e0 la faveur du continent, et de sa puissance d\u00e9mographique, l&rsquo;Afrique a besoin plus que jamais d&rsquo;unir ses forces et de revoir son mod\u00e8le, fait-il observer.<\/p>\n<p>Sous le titre \u201cFestivals, la critique est ais\u00e9e mais l&rsquo;art est difficile\u201d, +La Nouvelle Tribune+ \u00e9crit qu&rsquo;\u00ab alors que la saison des Festivals culturels bat son plein, apr\u00e8s deux longues ann\u00e9es au ch\u00f4mage technique, et qu&rsquo;enfin les Marocains sortent de chez eux, voil\u00e0 que cela ne pla\u00eet pas \u00e0 certains \u00bb.<\/p>\n<p>Si des concerts de premier plan international sont organis\u00e9s \u00e0 grand renfort de sponsors priv\u00e9s, les critiques d\u00e9noncent le co\u00fbt trop \u00e9lev\u00e9 de la culture face aux grands chantiers jug\u00e9s prioritaires pour le pays, poursuit la publication, notant que le secteur \u00e9v\u00e9nementiel, en r\u00e9alit\u00e9, est pourvoyeur d&#8217;emplois, souvent peu stables, qui d\u00e9pendent ardemment de ces \u00e9v\u00e9nements culturels, qu&rsquo;ils soient destin\u00e9s aux riches ou aux pauvres.<\/p>\n<p>Les Festivals sont nombreux au Maroc et couvrent une diversit\u00e9 culturelle incroyablement riche qui touche tous les Marocains sans exception, fait savoir l&rsquo;\u00e9ditorialiste, ajoutant qu\u201dil n&rsquo;est pas interdit de pr\u00e9f\u00e9rer la musique gnaoua habitu\u00e9e des grandes sc\u00e8nes populaires \u00e0 l&rsquo;\u00e9lectro qui r\u00e9unit des happy few.<\/p>\n<p>Les moussems ou les festivals populaires n&rsquo;ont pas moins de valeur culturelle parce que leurs spectateurs ne sont pas les plus riches, conclut-il.<\/p>\n<p>+Assabah+ rapporte que les capacit\u00e9s du Royaume en mati\u00e8re de lutte contre le terrorisme et les crimes organis\u00e9s transfrontaliers se renforcent par une nouvelle loi permettant la cr\u00e9ation d&rsquo;un \u00abcentre national de traitement des informations relatives aux passagers et aux vols a\u00e9riens\u00bb. Il s&rsquo;agit du projet de d\u00e9cret N\u00b0 2.21.624 portant application de l&rsquo;article 212 de la loi portant code de l&rsquo;aviation civile.<\/p>\n<p>Dans le cadre de la mise en application de cette nouvelle l\u00e9gislation, \u00ables autorit\u00e9s marocaines ont entam\u00e9 la mise en \u0153uvre d&rsquo;un projet relatif \u00e0 la cr\u00e9ation d&rsquo;un syst\u00e8me de traitement pr\u00e9alable des donn\u00e9es des passagers transitant par les a\u00e9roports marocains (API\/PNR)\u00bb, font savoir les deux publications.<\/p>\n<p>Et de pr\u00e9ciser qu&rsquo;en vertu des nouvelles dispositions, \u00able transporteur a\u00e9rien sera oblig\u00e9 d&rsquo;envoyer aux autorit\u00e9s publiques les donn\u00e9es API\/PNR relatives aux vols commerciaux nationaux et internationaux et de soumettre tous les vols \u00e0 ces proc\u00e9dures\u00bb. Ces donn\u00e9es seront ainsi soumises \u00e0 un nouveau syst\u00e8me de pointage, explique le quotidien, citant le ministre d\u00e9l\u00e9gu\u00e9 charg\u00e9 des Relations avec le Parlement, porte-parole du gouvernement.<\/p>\n<p>Le nouveau centre national de traitement des informations relatives aux passagers et aux vols a\u00e9riens, qui sera plac\u00e9 sous l&rsquo;autorit\u00e9 du Directeur g\u00e9n\u00e9ral de la s\u00fbret\u00e9 nationale (DGSN), aura principalement pour missions la mise en place et la gestion d&rsquo;un nouveau syst\u00e8me informatique.<\/p>\n<p>Cet article <a rel=\"nofollow\" href=\"https:\/\/www.journalducameroun.com\/developpement-economie-et-migration-au-menu-des-quotidiens-et-hebdomadaires-marocains\/\">D\u00e9veloppement, \u00e9conomie et migration au menu des quotidiens et hebdomadaires marocains<\/a> est apparu en premier sur <a rel=\"nofollow\" href=\"https:\/\/www.journalducameroun.com\/\">Journal du Cameroun<\/a>.<\/p>\n<\/div>\n<p>Auteur: APA News<br \/>\n<a href=\"https:\/\/www.journalducameroun.com\/developpement-economie-et-migration-au-menu-des-quotidiens-et-hebdomadaires-marocains\/\">Cliquez ici pour lire l&rsquo;article depuis sa source.<\/a><\/p>\n","protected":false},"excerpt":{"rendered":"<p>La probl\u00e9matique du d\u00e9veloppement en Afrique, l&rsquo;importance des \u00e9v\u00e9nements artistiques et culturelles dans la reprise \u00e9conomique et la migration sont les principaux sujets trait\u00e9s par les hebdomadaires et quotidiens marocains parus ce samedi.+La Vie Eco+ \u00e9crit que dans le message du Roi Mohammed VI adress\u00e9 cette semaine au groupe africain des ministres des finances et [&hellip;]<\/p>\n","protected":false},"author":1965,"featured_media":0,"comment_status":"closed","ping_status":"closed","sticky":false,"template":"","format":"standard","meta":{"fifu_image_url":"https:\/\/www.journalducameroun.com\/wp-content\/uploads\/2022\/07\/16573654838856.jpg","fifu_image_alt":"D\u00e9veloppement, \u00e9conomie et migration au menu des quotidiens et hebdomadaires marocains","footnotes":""},"categories":[73,82],"tags":[],"class_list":["post-152152","post","type-post","status-publish","format-standard","hentry","category-actualite","category-cameroun"],"_links":{"self":[{"href":"https:\/\/linitiative.ca\/International\/wp-json\/wp\/v2\/posts\/152152","targetHints":{"allow":["GET"]}}],"collection":[{"href":"https:\/\/linitiative.ca\/International\/wp-json\/wp\/v2\/posts"}],"about":[{"href":"https:\/\/linitiative.ca\/International\/wp-json\/wp\/v2\/types\/post"}],"author":[{"embeddable":true,"href":"https:\/\/linitiative.ca\/International\/wp-json\/wp\/v2\/users\/1965"}],"replies":[{"embeddable":true,"href":"https:\/\/linitiative.ca\/International\/wp-json\/wp\/v2\/comments?post=152152"}],"version-history":[{"count":0,"href":"https:\/\/linitiative.ca\/International\/wp-json\/wp\/v2\/posts\/152152\/revisions"}],"wp:attachment":[{"href":"https:\/\/linitiative.ca\/International\/wp-json\/wp\/v2\/media?parent=152152"}],"wp:term":[{"taxonomy":"category","embeddable":true,"href":"https:\/\/linitiative.ca\/International\/wp-json\/wp\/v2\/categories?post=152152"},{"taxonomy":"post_tag","embeddable":true,"href":"https:\/\/linitiative.ca\/International\/wp-json\/wp\/v2\/tags?post=152152"}],"curies":[{"name":"wp","href":"https:\/\/api.w.org\/{rel}","templated":true}]}}