{"id":152154,"date":"2022-07-09T11:18:03","date_gmt":"2022-07-09T15:18:03","guid":{"rendered":"https:\/\/linitiative.ca\/International\/cote-divoire-vers-un-sit-in-de-souscripteurs-immobiliers\/"},"modified":"2022-07-09T11:18:03","modified_gmt":"2022-07-09T15:18:03","slug":"cote-divoire-vers-un-sit-in-de-souscripteurs-immobiliers","status":"publish","type":"post","link":"https:\/\/linitiative.ca\/International\/cote-divoire-vers-un-sit-in-de-souscripteurs-immobiliers\/","title":{"rendered":"C\u00f4te d\u2019Ivoire : vers un sit-in de souscripteurs immobiliers"},"content":{"rendered":"<div>\n<p><img decoding=\"async\" width=\"720\" height=\"540\" src=\"https:\/\/linitiative.ca\/International\/wp-content\/uploads\/sites\/23\/2022\/07\/16573798844762.jpg\" class=\"attachment-post-thumbnail size-post-thumbnail wp-post-image\" alt=\"\" loading=\"lazy\" srcset=\"https:\/\/linitiative.ca\/International\/wp-content\/uploads\/sites\/23\/2022\/07\/16573798844762.jpg 720w, https:\/\/www.journalducameroun.com\/wp-content\/uploads\/2022\/07\/16573798844762-300x225.jpg 300w, https:\/\/www.journalducameroun.com\/wp-content\/uploads\/2022\/07\/16573798844762-587x440.jpg 587w, https:\/\/www.journalducameroun.com\/wp-content\/uploads\/2022\/07\/16573798844762-600x450.jpg 600w\" sizes=\"auto, (max-width: 720px) 100vw, 720px\"><\/p>\n<p>Un collectif, se sentant \u00ab grug\u00e9 \u00bb, pr\u00e9voit de se faire entendre, du 18 au 20 juillet, devant les locaux de l&rsquo;Agence de gestion fonci\u00e8re (Agef) \u00e0 Abidjan.Ils en ont ras-le-bol ! Les souscripteurs immobiliers de l&rsquo;op\u00e9ration Bingerville-Blanchon, un site situ\u00e9 \u00e0 l&rsquo;Est d&rsquo;Abidjan, la capitale ivoirienne, r\u00e9clament leurs terrains. L&rsquo;Agence de gestion fonci\u00e8re (Agef) a lotiss\u00e9 en 2015 une superficie de dix hectares pour 178 parcelles. La livraison des lots \u00e9tait pr\u00e9vue en 2017 \u00ab aux\u00a0souscripteurs\u00a0ayant quasiment tous sold\u00e9 les \u00e9ch\u00e9ances dues \u00bb, a reconnu l&rsquo;Agef dans un communiqu\u00e9 re\u00e7u \u00e0 APA.<\/p>\n<p>Poursuivant, l&rsquo;Agence de gestion fonci\u00e8re a expliqu\u00e9 que \u00ab le blocage actuel r\u00e9sulte du non remboursement d&rsquo;un pr\u00eat\u00a0qu&rsquo;elle a consenti aupr\u00e8s d&rsquo;une banque avec une hypoth\u00e8que prise sur le site de Blanchon \u00bb.<\/p>\n<p>En effet, a pr\u00e9cis\u00e9 le document, le d\u00e9lai convenu pour le remboursement de la dette n&rsquo;ayant pu \u00eatre respect\u00e9, la banque a \u00e9t\u00e9 contrainte de r\u00e9aliser l&rsquo;hypoth\u00e8que conventionnelle. Depuis sa prise de fonction en ao\u00fbt 2021, Anipko Melei,\u00a0la nouvelle Directrice G\u00e9n\u00e9rale de l&rsquo;Agef, s&#8217;emploie \u00e0 d\u00e9canter la situation.<\/p>\n<p>Toutefois, elle a rappel\u00e9 que le r\u00e8glement d&rsquo;une telle affaire est soumis au respect de proc\u00e9dures administratives et financi\u00e8res dont les d\u00e9lais de traitement peuvent s&rsquo;\u00e9tendre dans le temps. C&rsquo;est pourquoi, Anipko Melei\u00a0dialogue avec les acqu\u00e9reurs en vue de leur assurer que tout sera fait\u00a0pour \u00ab trouver une issue\u00a0heureuse \u00bb au probl\u00e8me.<\/p>\n<p>Compte tenu de ses actions, l&rsquo;Agence de gestion fonci\u00e8re a consid\u00e9r\u00e9 que le projet de sit-in est de nature \u00e0 exacerber la crispation et \u00e0 compromettre le processus de sortie de crise en cours. Malgr\u00e9 l&rsquo;impatience normale, elle a pr\u00f4n\u00e9 l&rsquo;apaisement. De son c\u00f4t\u00e9, le collectif de souscripteurs de terrains a justifi\u00e9 son plan d&rsquo;actions par \u00ab l&rsquo;absence de solutions et le refus d&rsquo;\u00eatre re\u00e7u par la direction g\u00e9n\u00e9rale de l&rsquo;Agef\u00a0\u00bb.<\/p>\n<p>L&rsquo;op\u00e9ration Bingerville-Blanchon, une zone en plein essor urbanistique, entre dans le cadre d&rsquo;un programme du gouvernement ivoirien visant \u00e0 offrir aux citoyens des parcelles viabilis\u00e9es \u00e0 co\u00fbts r\u00e9duits.<\/p>\n<p>Cet article <a rel=\"nofollow\" href=\"https:\/\/www.journalducameroun.com\/cote-divoire-vers-un-sit-in-de-souscripteurs-immobiliers\/\">C\u00f4te d\u2019Ivoire : vers un sit-in de souscripteurs immobiliers<\/a> est apparu en premier sur <a rel=\"nofollow\" href=\"https:\/\/www.journalducameroun.com\/\">Journal du Cameroun<\/a>.<\/p>\n<\/div>\n<p>Auteur: APA News<br \/>\n<a href=\"https:\/\/www.journalducameroun.com\/cote-divoire-vers-un-sit-in-de-souscripteurs-immobiliers\/\">Cliquez ici pour lire l&rsquo;article depuis sa source.<\/a><\/p>\n","protected":false},"excerpt":{"rendered":"<p>Un collectif, se sentant \u00ab grug\u00e9 \u00bb, pr\u00e9voit de se faire entendre, du 18 au 20 juillet, devant les locaux de l&rsquo;Agence de gestion fonci\u00e8re (Agef) \u00e0 Abidjan.Ils en ont ras-le-bol ! Les souscripteurs immobiliers de l&rsquo;op\u00e9ration Bingerville-Blanchon, un site situ\u00e9 \u00e0 l&rsquo;Est d&rsquo;Abidjan, la capitale ivoirienne, r\u00e9clament leurs terrains. L&rsquo;Agence de gestion fonci\u00e8re (Agef) [&hellip;]<\/p>\n","protected":false},"author":1965,"featured_media":0,"comment_status":"closed","ping_status":"closed","sticky":false,"template":"","format":"standard","meta":{"fifu_image_url":"https:\/\/www.journalducameroun.com\/wp-content\/uploads\/2022\/07\/16573798844762.jpg","fifu_image_alt":"C\u00f4te d\u2019Ivoire : vers un sit-in de souscripteurs immobiliers","footnotes":""},"categories":[73,82],"tags":[],"class_list":["post-152154","post","type-post","status-publish","format-standard","hentry","category-actualite","category-cameroun"],"_links":{"self":[{"href":"https:\/\/linitiative.ca\/International\/wp-json\/wp\/v2\/posts\/152154","targetHints":{"allow":["GET"]}}],"collection":[{"href":"https:\/\/linitiative.ca\/International\/wp-json\/wp\/v2\/posts"}],"about":[{"href":"https:\/\/linitiative.ca\/International\/wp-json\/wp\/v2\/types\/post"}],"author":[{"embeddable":true,"href":"https:\/\/linitiative.ca\/International\/wp-json\/wp\/v2\/users\/1965"}],"replies":[{"embeddable":true,"href":"https:\/\/linitiative.ca\/International\/wp-json\/wp\/v2\/comments?post=152154"}],"version-history":[{"count":0,"href":"https:\/\/linitiative.ca\/International\/wp-json\/wp\/v2\/posts\/152154\/revisions"}],"wp:attachment":[{"href":"https:\/\/linitiative.ca\/International\/wp-json\/wp\/v2\/media?parent=152154"}],"wp:term":[{"taxonomy":"category","embeddable":true,"href":"https:\/\/linitiative.ca\/International\/wp-json\/wp\/v2\/categories?post=152154"},{"taxonomy":"post_tag","embeddable":true,"href":"https:\/\/linitiative.ca\/International\/wp-json\/wp\/v2\/tags?post=152154"}],"curies":[{"name":"wp","href":"https:\/\/api.w.org\/{rel}","templated":true}]}}