{"id":152158,"date":"2022-07-10T07:42:56","date_gmt":"2022-07-10T11:42:56","guid":{"rendered":"https:\/\/linitiative.ca\/International\/covid-19-45-des-hommes-ont-pris-part-aux-travaux-menagers-contre-131-en-2012\/"},"modified":"2022-07-10T07:42:56","modified_gmt":"2022-07-10T11:42:56","slug":"covid-19-45-des-hommes-ont-pris-part-aux-travaux-menagers-contre-131-en-2012","status":"publish","type":"post","link":"https:\/\/linitiative.ca\/International\/covid-19-45-des-hommes-ont-pris-part-aux-travaux-menagers-contre-131-en-2012\/","title":{"rendered":"Covid-19: 45% des hommes ont pris part aux travaux m\u00e9nagers, contre 13,1% en 2012"},"content":{"rendered":"<div>\n<p><img decoding=\"async\" width=\"300\" height=\"153\" src=\"https:\/\/linitiative.ca\/International\/wp-content\/uploads\/sites\/23\/2022\/07\/HCP-300x153-1.jpg\" class=\"attachment-medium size-medium wp-post-image\" alt=\"\" loading=\"lazy\" srcset=\"https:\/\/linitiative.ca\/International\/wp-content\/uploads\/sites\/23\/2022\/07\/HCP-300x153-1.jpg 300w, https:\/\/aujourdhui.ma\/wp-content\/uploads\/2020\/05\/HCP-274x140.jpg 274w, https:\/\/aujourdhui.ma\/wp-content\/uploads\/2020\/05\/HCP.jpg 746w, https:\/\/aujourdhui.ma\/wp-content\/uploads\/2020\/05\/HCP-165x84.jpg 165w, https:\/\/aujourdhui.ma\/wp-content\/uploads\/2020\/05\/HCP-702x358.jpg 702w\" sizes=\"auto, (max-width: 300px) 100vw, 300px\"><\/p>\n<p><span style=\"font-size: 20px; color: #800000;\"><strong>La pand\u00e9mie du Covid-19 peut avoir des implications importantes pour l\u2019\u00e9galit\u00e9 femmes-hommes au sein des m\u00e9nages, tant pendant le confinement que lors de la reprise, ressort-il d\u2019une note d\u2019information du Haut-Commissariat au Plan (HCP), publi\u00e9e \u00e0 l\u2019occasion de la Journ\u00e9e mondiale de la population qui est c\u00e9l\u00e9br\u00e9e le 11 juillet de chaque ann\u00e9e.<\/strong><\/span><span id=\"more-412840\"><\/span><\/p>\n<p>Dans cette note, le HCP fait savoir qu\u2019en mati\u00e8re de r\u00e9partition des t\u00e2ches m\u00e9nag\u00e8res (cuisine, vaisselle, linge\u2026), les femmes consacrent 6 fois plus de temps que les hommes.<\/p>\n<p>Par rapport \u00e0 une journ\u00e9e normale avant la crise, les femmes ont consacr\u00e9 45minutes\/jour de plus pour les t\u00e2ches \u00e0 domicile. Le temps moyen journalier allou\u00e9 aux travaux m\u00e9nagers \u00e0 domicile est de 4h27mn pour les femmes contre 45mn pour leurs homologues masculins.<\/p>\n<p>D\u2019un autre c\u00f4t\u00e9, de nombreux hommes se sont plus impliqu\u00e9s aux travaux m\u00e9nagers qu\u2019auparavant et ont assum\u00e9 en partie la responsabilit\u00e9 des soins aux enfants.<\/p>\n<p>L\u2019enqu\u00eate a montr\u00e9 que pr\u00e8s de 45% des hommes ont pris part aux travaux m\u00e9nagers contre 13,1% en 2012. Les plus impliqu\u00e9s aux travaux m\u00e9nagers sont ceux ayant un niveau scolaire sup\u00e9rieur (51mn) et ceux appartenant au 20% des m\u00e9nages les plus ais\u00e9s (1h04mn).<\/p>\n<p>En outre, pr\u00e8s d\u2019un homme sur cinq (19,3%) a contribu\u00e9 pour la premi\u00e8re fois aux travaux m\u00e9nagers pendant le confinement.<\/p>\n<p>Par ailleurs, le HCP indique que la crise sanitaire a engendr\u00e9 de multiples r\u00e9percussions n\u00e9gatives sur le v\u00e9cu des m\u00e9nages, notamment dans les aspects li\u00e9s aux r\u00e9partitions des t\u00e2ches entre les \u00e9poux, l\u2019accompagnement et l\u2019\u00e9ducation des enfants.<\/p>\n<p>Pr\u00e8s de 8,4% des marocains rapportent avoir eu des disputes conjugales au sujet du partage des t\u00e2ches m\u00e9nag\u00e8res au sein du couple, dont 63% des cas plus qu\u2019auparavant et pr\u00e8s de 12% des parents d\u2019enfants en \u00e2ge de scolarisation rapportent avoir eu des disputes conjugales \u00e0 cause de l\u2019accompagnement scolaire des enfants.<\/p>\n<p>Les soucis financiers sont aussi la source de tension et de dispute conjugale pour plus d\u2019un marocain sur cinq (22%), dont 72% des cas plus qu\u2019\u00e0 l\u2019accoutum\u00e9e. Les parts les plus \u00e9lev\u00e9es sont enregistr\u00e9es parmi les jeunes de moins de 24 ans (28%), les ch\u00f4meurs (26%) et les couples ayant des enfants (26%).<\/p>\n<\/div>\n<p>Auteur: ALM<br \/>\n<a href=\"https:\/\/aujourdhui.ma\/societe\/covid-19-45-des-hommes-ont-pris-part-aux-travaux-menagers-contre-131-en-2012\">Cliquez ici pour lire l&rsquo;article depuis sa source.<\/a><\/p>\n","protected":false},"excerpt":{"rendered":"<p>La pand\u00e9mie du Covid-19 peut avoir des implications importantes pour l\u2019\u00e9galit\u00e9 femmes-hommes au sein des m\u00e9nages, tant pendant le confinement que lors de la reprise, ressort-il d\u2019une note d\u2019information du Haut-Commissariat au Plan (HCP), publi\u00e9e \u00e0 l\u2019occasion de la Journ\u00e9e mondiale de la population qui est c\u00e9l\u00e9br\u00e9e le 11 juillet de chaque ann\u00e9e. Dans cette [&hellip;]<\/p>\n","protected":false},"author":1759,"featured_media":0,"comment_status":"closed","ping_status":"closed","sticky":false,"template":"","format":"standard","meta":{"fifu_image_url":"https:\/\/aujourdhui.ma\/wp-content\/uploads\/2020\/05\/HCP-300x153.jpg","fifu_image_alt":"Covid-19: 45% des hommes ont pris part aux travaux m\u00e9nagers, contre 13,1% en 2012","footnotes":""},"categories":[73,54],"tags":[],"class_list":["post-152158","post","type-post","status-publish","format-standard","hentry","category-actualite","category-maroc"],"_links":{"self":[{"href":"https:\/\/linitiative.ca\/International\/wp-json\/wp\/v2\/posts\/152158","targetHints":{"allow":["GET"]}}],"collection":[{"href":"https:\/\/linitiative.ca\/International\/wp-json\/wp\/v2\/posts"}],"about":[{"href":"https:\/\/linitiative.ca\/International\/wp-json\/wp\/v2\/types\/post"}],"author":[{"embeddable":true,"href":"https:\/\/linitiative.ca\/International\/wp-json\/wp\/v2\/users\/1759"}],"replies":[{"embeddable":true,"href":"https:\/\/linitiative.ca\/International\/wp-json\/wp\/v2\/comments?post=152158"}],"version-history":[{"count":0,"href":"https:\/\/linitiative.ca\/International\/wp-json\/wp\/v2\/posts\/152158\/revisions"}],"wp:attachment":[{"href":"https:\/\/linitiative.ca\/International\/wp-json\/wp\/v2\/media?parent=152158"}],"wp:term":[{"taxonomy":"category","embeddable":true,"href":"https:\/\/linitiative.ca\/International\/wp-json\/wp\/v2\/categories?post=152158"},{"taxonomy":"post_tag","embeddable":true,"href":"https:\/\/linitiative.ca\/International\/wp-json\/wp\/v2\/tags?post=152158"}],"curies":[{"name":"wp","href":"https:\/\/api.w.org\/{rel}","templated":true}]}}