{"id":152160,"date":"2022-07-10T10:02:33","date_gmt":"2022-07-10T14:02:33","guid":{"rendered":"https:\/\/linitiative.ca\/International\/hcp-la-crise-sanitaire-entrave-lacces-aux-soins-de-sante-maternelle-reproductive-et-infantile\/"},"modified":"2022-07-10T10:02:33","modified_gmt":"2022-07-10T14:02:33","slug":"hcp-la-crise-sanitaire-entrave-lacces-aux-soins-de-sante-maternelle-reproductive-et-infantile","status":"publish","type":"post","link":"https:\/\/linitiative.ca\/International\/hcp-la-crise-sanitaire-entrave-lacces-aux-soins-de-sante-maternelle-reproductive-et-infantile\/","title":{"rendered":"HCP : La crise sanitaire entrave l\u2019acc\u00e8s aux soins de sant\u00e9 maternelle, reproductive et infantile"},"content":{"rendered":"<div>\n<p><img decoding=\"async\" width=\"300\" height=\"153\" src=\"https:\/\/linitiative.ca\/International\/wp-content\/uploads\/sites\/23\/2022\/07\/Femme-Enfant-Maroc-FeCC81conditeCC81-300x153-1.jpg\" class=\"attachment-medium size-medium wp-post-image\" alt=\"\" loading=\"lazy\" srcset=\"https:\/\/linitiative.ca\/International\/wp-content\/uploads\/sites\/23\/2022\/07\/Femme-Enfant-Maroc-FeCC81conditeCC81-300x153-1.jpg 300w, https:\/\/aujourdhui.ma\/wp-content\/uploads\/2020\/07\/Femme-Enfant-Maroc-Fe\u0301condite\u0301-274x140.jpg 274w, https:\/\/aujourdhui.ma\/wp-content\/uploads\/2020\/07\/Femme-Enfant-Maroc-Fe\u0301condite\u0301.jpg 746w, https:\/\/aujourdhui.ma\/wp-content\/uploads\/2020\/07\/Femme-Enfant-Maroc-Fe\u0301condite\u0301-165x84.jpg 165w, https:\/\/aujourdhui.ma\/wp-content\/uploads\/2020\/07\/Femme-Enfant-Maroc-Fe\u0301condite\u0301-702x358.jpg 702w\" sizes=\"auto, (max-width: 300px) 100vw, 300px\"><\/p>\n<p><span style=\"font-size: 20px; color: #800000;\"><strong>Le Haut-Commissariat au Plan (HCP) rel\u00e8ve, dans une note d\u2019information publi\u00e9e \u00e0 l\u2019occasion de la Journ\u00e9e mondiale de la population qui est c\u00e9l\u00e9br\u00e9e le 11 juillet de chaque ann\u00e9e, que la crise sanitaire entrave l\u2019acc\u00e8s aux soins de sant\u00e9 maternelle, reproductive et infantile.<\/strong><\/span><span id=\"more-412842\"><\/span><\/p>\n<p>\u00ab\u00a0Durant son instauration, le confinement a fortement impact\u00e9 l\u2019acc\u00e8s aux services de sant\u00e9 pour les femmes et risque d\u2019affecter ces derni\u00e8res pour de nombreuses ann\u00e9es encore. Alors que les efforts se concentrent sur la r\u00e9duction de la propagation du virus, des services essentiels tels que l\u2019acc\u00e8s aux services de sant\u00e9 sexuelle et reproductive ont \u00e9t\u00e9 perturb\u00e9s\u00a0\u00bb, indique le HCP.<\/p>\n<p>Un peu moins du tiers (27,3%) des femmes n\u2019ont pas eu acc\u00e8s aux soins de sant\u00e9 maternelle, et 20,8% pour les services de sant\u00e9 reproductive, fait savoir la m\u00eame source, pr\u00e9cisant que le non-acc\u00e8s aux services de sant\u00e9 maternelle est plus \u00e9lev\u00e9 en milieu rural avec 32,4% contre 22,6% en milieu urbain. Ces pourcentages sont respectivement de 28% et 16,7% dans le cas des soins de sant\u00e9 reproductive. S\u2019agissant des visites pr\u00e9 et post natales, pr\u00e8s du quart (26,6%) des femmes concern\u00e9es n\u2019ont pas pu b\u00e9n\u00e9ficier de ces services \u00e0 cause des difficult\u00e9s d\u2019acc\u00e8s et 26,2% pour manque d\u2019argent (difficult\u00e9 financi\u00e8re).<\/p>\n<p>Ces raisons diff\u00e8rent selon le milieu de r\u00e9sidence. Pour les femmes rurales, les difficult\u00e9s d\u2019acc\u00e8s viennent en premier lieu avec 35,9%, suivi du manque d\u2019argent (31,9%) et de la crainte de contamination avec 15,8%.<\/p>\n<p>En revanche, pour les citadines, c\u2019est beaucoup plus la crainte de contamination qui les emp\u00eache d\u2019acc\u00e9der \u00e0 ces services (27,8%), suivie du manque d\u2019argent (20,8%) et des difficult\u00e9s d\u2019acc\u00e8s (17,8%).<\/p>\n<p>Ladite note fait \u00e9galement ressortir que la crise sanitaire li\u00e9e \u00e0 la Covid-19 affecte les enfants \u00e0 une \u00e9chelle sans pr\u00e9c\u00e9dent, et pourrait mettre en p\u00e9ril des ann\u00e9es de progr\u00e8s accomplis dans le domaine de la sant\u00e9 et particuli\u00e8rement celui de la vaccination.<\/p>\n<p>Sur l\u2019ensemble des enfants de moins de 5 ans ayant n\u00e9cessit\u00e9, en p\u00e9riode de confinement, un service de vaccination, pr\u00e8s de 11,7% n\u2019ont pas pu en b\u00e9n\u00e9ficier.<\/p>\n<p>Quant aux raisons de non acc\u00e8s aux services de vaccination, les raisons principales \u00e9voqu\u00e9es par les m\u00e9nages sont la crainte de contamination et les difficult\u00e9s d\u2019acc\u00e8s (transports, etc).<\/p>\n<\/div>\n<p>Auteur: ALM<br \/>\n<a href=\"https:\/\/aujourdhui.ma\/societe\/hcp-la-crise-sanitaire-entrave-lacces-aux-soins-de-sante-maternelle-reproductive-et-infantile\">Cliquez ici pour lire l&rsquo;article depuis sa source.<\/a><\/p>\n","protected":false},"excerpt":{"rendered":"<p>Le Haut-Commissariat au Plan (HCP) rel\u00e8ve, dans une note d\u2019information publi\u00e9e \u00e0 l\u2019occasion de la Journ\u00e9e mondiale de la population qui est c\u00e9l\u00e9br\u00e9e le 11 juillet de chaque ann\u00e9e, que la crise sanitaire entrave l\u2019acc\u00e8s aux soins de sant\u00e9 maternelle, reproductive et infantile. \u00ab\u00a0Durant son instauration, le confinement a fortement impact\u00e9 l\u2019acc\u00e8s aux services de [&hellip;]<\/p>\n","protected":false},"author":1759,"featured_media":0,"comment_status":"closed","ping_status":"closed","sticky":false,"template":"","format":"standard","meta":{"fifu_image_url":"https:\/\/aujourdhui.ma\/wp-content\/uploads\/2020\/07\/Femme-Enfant-Maroc-Fe\u0301condite\u0301-300x153.jpg","fifu_image_alt":"HCP : La crise sanitaire entrave l\u2019acc\u00e8s aux soins de sant\u00e9 maternelle, reproductive et infantile","footnotes":""},"categories":[73,54],"tags":[],"class_list":["post-152160","post","type-post","status-publish","format-standard","hentry","category-actualite","category-maroc"],"_links":{"self":[{"href":"https:\/\/linitiative.ca\/International\/wp-json\/wp\/v2\/posts\/152160","targetHints":{"allow":["GET"]}}],"collection":[{"href":"https:\/\/linitiative.ca\/International\/wp-json\/wp\/v2\/posts"}],"about":[{"href":"https:\/\/linitiative.ca\/International\/wp-json\/wp\/v2\/types\/post"}],"author":[{"embeddable":true,"href":"https:\/\/linitiative.ca\/International\/wp-json\/wp\/v2\/users\/1759"}],"replies":[{"embeddable":true,"href":"https:\/\/linitiative.ca\/International\/wp-json\/wp\/v2\/comments?post=152160"}],"version-history":[{"count":0,"href":"https:\/\/linitiative.ca\/International\/wp-json\/wp\/v2\/posts\/152160\/revisions"}],"wp:attachment":[{"href":"https:\/\/linitiative.ca\/International\/wp-json\/wp\/v2\/media?parent=152160"}],"wp:term":[{"taxonomy":"category","embeddable":true,"href":"https:\/\/linitiative.ca\/International\/wp-json\/wp\/v2\/categories?post=152160"},{"taxonomy":"post_tag","embeddable":true,"href":"https:\/\/linitiative.ca\/International\/wp-json\/wp\/v2\/tags?post=152160"}],"curies":[{"name":"wp","href":"https:\/\/api.w.org\/{rel}","templated":true}]}}