{"id":152168,"date":"2022-07-10T11:16:10","date_gmt":"2022-07-10T15:16:10","guid":{"rendered":"https:\/\/linitiative.ca\/International\/quand-lambiance-de-aid-al-adha-rime-avec-saison-estivale\/"},"modified":"2022-07-10T11:16:10","modified_gmt":"2022-07-10T15:16:10","slug":"quand-lambiance-de-aid-al-adha-rime-avec-saison-estivale","status":"publish","type":"post","link":"https:\/\/linitiative.ca\/International\/quand-lambiance-de-aid-al-adha-rime-avec-saison-estivale\/","title":{"rendered":"Quand l\u2019ambiance de Aid Al Adha rime avec saison estivale"},"content":{"rendered":"<div>\n<div style=\"margin-bottom:20px;\"><img loading=\"lazy\" decoding=\"async\" width=\"750\" height=\"430\" src=\"https:\/\/linitiative.ca\/International\/wp-content\/uploads\/sites\/23\/2022\/07\/vacances-tourisme-hotelerie-copier.jpg\" class=\"attachment-post-thumbnail size-post-thumbnail wp-post-image\" alt=\"\" srcset=\"https:\/\/linitiative.ca\/International\/wp-content\/uploads\/sites\/23\/2022\/07\/vacances-tourisme-hotelerie-copier.jpg 750w, https:\/\/www.mapmarrakech.ma\/map\/uploads\/2022\/07\/vacances-tourisme-hotelerie-copier-300x172.jpg 300w\" sizes=\"auto, (max-width: 750px) 100vw, 750px\"><\/div>\n<p>Cette offre touristique sp\u00e9ciale \u00ab\u00a0Aid Al Adha\u00a0\u00bb ne cesse depuis d\u2019enregistrer\u00a0un engouement remarquable d\u2019autant plus que cet heureux \u00e9v\u00e9nement intervient cette ann\u00e9e en pleine saison estivale et une Op\u00e9ration \u00ab\u00a0Marhaba 2022\u00a0\u00bb qui atteigne son apog\u00e9e, avec le retour massif et tr\u00e8s attendu de Marocains R\u00e9sidant \u00e0 l\u2019Etranger (MRE) \u00e0 la m\u00e8re-patrie, apr\u00e8s deux ann\u00e9es de restrictions des d\u00e9placements en raison de la crise sanitaire mondiale li\u00e9e \u00e0 la Covid-19.<\/p>\n<p>Ces clients, le plus souvent des familles nombreuses ou de jeunes couples issus du Maroc\u00a0mais aussi d\u2019autres pays islamiques, se trouvent le plus souvent attir\u00e9s par des offres sp\u00e9ciales \u00ab\u00a0Aid Al Adha\u00a0\u00bb tr\u00e8s all\u00e9chantes et soigneusement \u00e9labor\u00e9es de mani\u00e8re \u00e0 leur permettre de rester fid\u00e8les au rituel de l\u2019Aid Al Adha et de le c\u00e9l\u00e9brer dans la pure tradition marocaine et islamique, tout en passant de beaux moments dans des cadres idylliques et calmes, et de tirer profit des vacances estivales.<\/p>\n<p>La tourn\u00e9e d\u2019une \u00e9quipe de M24, la cha\u00eene t\u00e9l\u00e9vis\u00e9e de l\u2019information en continu de la MAP au sein d\u2019une unit\u00e9 touristique de Marrakech, a permis de s\u2019arr\u00eater de visu sur les pr\u00e9paratifs d\u00e9j\u00e0 entam\u00e9s ainsi que sur les mesures prises afin de permettre aux clients de c\u00e9l\u00e9brer l\u2019A\u00efd Al Adha dans les r\u00e8gles de l\u2019art et conform\u00e9ment \u00e0 la Sunna du proph\u00e8te Sidna Mohammed Paix et Salut soient Sur Lui (PSSL), tout en profitant des vacances d\u2019\u00e9t\u00e9.<\/p>\n<p>Quand au personnel de ce projet h\u00f4telier pr\u00e9curseur de ce genre d\u2019offres touristiques au Maroc, il n\u2019a pas h\u00e9sit\u00e9 \u00e0 mettre les petits plats dans les grands depuis des jours, afin d\u2019\u00eatre au rendez-vous le jour de l\u2019A\u00efd.<\/p>\n<p>Tout a \u00e9t\u00e9 con\u00e7u de fa\u00e7on \u00e0 permettre aux clients de cette ann\u00e9e de c\u00e9l\u00e9brer la f\u00eate du sacrifice comme il se doit et dans le respect le plus scrupuleux de la tradition\u00a0\u00bb, a d\u00e9clar\u00e9 \u00e0 M24, M. Ali Chaoui, propri\u00e9taire de cette unit\u00e9 touristique.<\/p>\n<p>Tout en passant en revue une multitude de caract\u00e9ristiques li\u00e9es \u00e0 cette offre sp\u00e9ciale \u00ab\u00a0Aid Al Adha\u00a0\u00bb que son \u00e9tablissement propose depuis des ann\u00e9es, \u00e0 ses clients venus d\u2019autres villes voire d\u2019autres pays arabo-musulmans, il a relev\u00e9 que cette offre a rencontr\u00e9 un grand succ\u00e8s comme en t\u00e9moigne le nombre de r\u00e9servations qui ne cessent de cro\u00eetre d\u2019ann\u00e9e en ann\u00e9e.<\/p>\n<p>Et de poursuivre que cette offre consiste \u00e0 permettre aux clients, soit d\u2019apporter leurs moutons et les remettre \u00e0 l\u2019unit\u00e9 touristique, ou des les acheter sur place, ou encore \u00e0 les acheter \u00e0 leurs places, selon leur choix et leurs fourchettes financi\u00e8res.<\/p>\n<p>Le jour du sacrifice, l\u2019\u00e9tablissement h\u00f4telier met \u00e0 la disposition des clients, des bouchers qui vont s\u2019occuper\u00a0des op\u00e9rations d\u2019abattage, de d\u00e9coupage de la viande, de la conservation dans les chambres froides avant de les emmener chez eux au retour des vacances ou encore les offrir en aum\u00f4ne \u00e0 des d\u00e9munis conform\u00e9ment aux pr\u00e9ceptes de l\u2019islam.<\/p>\n<p>Cette offre inclut en plus de la c\u00e9r\u00e9monie du sacrifice, un d\u00e9jeuner buffet 100% marocain (Assida, Harbal\u2026) et des shows folkloriques, a-t-il ajout\u00e9, indiquant que les clients ayant v\u00e9cu l\u2019exp\u00e9rience, affichent une grande satisfaction et \u00e9voquent, avec nostalgie, sur les r\u00e9seaux sociaux leurs souvenirs et belles aventures d\u2019un A\u00efd c\u00e9l\u00e9br\u00e9 autrement.<\/p>\n<p>\u00ab\u00a0Avec la mise en place d\u2019une strat\u00e9gie de relance du tourisme apr\u00e8s deux ann\u00e9es durant lesquelles ce secteur a subi de plein fouet les r\u00e9percussions n\u00e9gatives de la pand\u00e9mie de la Covid-19, le taux d\u2019occupation avoisine les 100% pour ce week-end des 09 et 10 juillet, jour de l\u2019A\u00efd Al-Adha qui arrive cette ann\u00e9e en plein vacances d\u2019\u00e9t\u00e9\u00a0\u00bb, a-t-il conclu.<\/p>\n<p>Dans une d\u00e9claration similaire, M. Zoubeir Bouhout, expert en tourisme, a soulign\u00e9 que les offres sp\u00e9ciales Aid Al Adha propos\u00e9es par les unit\u00e9s touristiques de Marrakech, visent \u00e0 accompagner de nouvelles exigences des clients et des familles marocaines et \u00e9trang\u00e8res.<\/p>\n<p>Les op\u00e9rateurs touristiques de la cit\u00e9 ocre veuillent \u00e0 ce que la f\u00eate du sacrifice soit accompagn\u00e9e d\u2019animations et servent de d\u00e9tente et de repos, a-t-il ajout\u00e9, relevant que la c\u00e9l\u00e9bration de cette f\u00eate religieuse dans les h\u00f4tels se d\u00e9roule dans une ambiance aussi conviviale qu\u2019\u00e0 domicile, puisque les familles font la connaissance d\u2019autres et f\u00eatent ensemble cette c\u00e9r\u00e9monie religieuse si ch\u00e8re.<\/p>\n<p>Dans une d\u00e9claration similaire, Dr. Mustapha Sa\u00e2liti, enseignant de psychosociologie \u00e0 l\u2019universit\u00e9 Cadi Ayyad de Marrakech a estim\u00e9 que malgr\u00e9 le poids de la modernit\u00e9 et le changement des habitudes de consommation et de vie, les Marocains restent fortement attach\u00e9s \u00e0 leurs traditions et identit\u00e9 religieuse commune, relevant que certains familles et couples, dont la situation mat\u00e9rielle le permet, choisissent une autre mani\u00e8re de c\u00e9l\u00e9brer cette f\u00eate notamment, dans les unit\u00e9s touristiques.<\/p>\n<p>Ces \u00e9tablissements h\u00f4teliers proposent des offres all\u00e9chantes leur permettant \u00e0 la fois de se lib\u00e9rer de certaines contraintes relatives \u00e0 la f\u00eate du sacrifice (abattage, d\u00e9coupage de la viande, pr\u00e9paration des mets\u2026.) et en m\u00eame temps, profiter des vacances, a-t-il expliqu\u00e9.<\/p>\n<p>Alors que la plupart des f\u00eates religieuses sont c\u00e9l\u00e9br\u00e9es \u00e0 domicile, cette nouvelle tendance de consommation s\u00e9duit de plus en plus de Marocains d\u00e9sireux de f\u00eater cette c\u00e9r\u00e9monie religieuse diff\u00e9remment.<\/p>\n<p>Pour les op\u00e9rateurs touristiques de la cit\u00e9 ocre, cette offre sp\u00e9ciale Aid Al Adha est de nature \u00e0 contribuer \u00e0 dynamiser le secteur touristique touch\u00e9 de plein fouet par les r\u00e9percussions n\u00e9gatives de la pand\u00e9mie de la Covid-19 durant ces deux derni\u00e8res ann\u00e9es.<\/p>\n<p>The post <a rel=\"nofollow\" href=\"https:\/\/www.mapmarrakech.ma\/fr\/quand-lambiance-de-aid-al-adha-rime-avec-saison-estivale\/\">Quand l\u2019ambiance de Aid Al Adha rime avec saison estivale<\/a> appeared first on <a rel=\"nofollow\" href=\"https:\/\/www.mapmarrakech.ma\/fr\">MapMarrakech<\/a>.<\/p>\n<\/div>\n<p>Auteur: Meriem IGASS<br \/>\n<a href=\"https:\/\/www.mapmarrakech.ma\/fr\/quand-lambiance-de-aid-al-adha-rime-avec-saison-estivale\/\">Cliquez ici pour lire l&rsquo;article depuis sa source.<\/a><\/p>\n","protected":false},"excerpt":{"rendered":"<p>Cette offre touristique sp\u00e9ciale \u00ab\u00a0Aid Al Adha\u00a0\u00bb ne cesse depuis d\u2019enregistrer\u00a0un engouement remarquable d\u2019autant plus que cet heureux \u00e9v\u00e9nement intervient cette ann\u00e9e en pleine saison estivale et une Op\u00e9ration \u00ab\u00a0Marhaba 2022\u00a0\u00bb qui atteigne son apog\u00e9e, avec le retour massif et tr\u00e8s attendu de Marocains R\u00e9sidant \u00e0 l\u2019Etranger (MRE) \u00e0 la m\u00e8re-patrie, apr\u00e8s deux ann\u00e9es de [&hellip;]<\/p>\n","protected":false},"author":1788,"featured_media":0,"comment_status":"closed","ping_status":"closed","sticky":false,"template":"","format":"standard","meta":{"fifu_image_url":"https:\/\/www.mapmarrakech.ma\/map\/uploads\/2022\/07\/vacances-tourisme-hotelerie-copier.jpg","fifu_image_alt":"Quand l\u2019ambiance de Aid Al Adha rime avec saison estivale","footnotes":""},"categories":[54,76],"tags":[],"class_list":["post-152168","post","type-post","status-publish","format-standard","hentry","category-maroc","category-regions"],"_links":{"self":[{"href":"https:\/\/linitiative.ca\/International\/wp-json\/wp\/v2\/posts\/152168","targetHints":{"allow":["GET"]}}],"collection":[{"href":"https:\/\/linitiative.ca\/International\/wp-json\/wp\/v2\/posts"}],"about":[{"href":"https:\/\/linitiative.ca\/International\/wp-json\/wp\/v2\/types\/post"}],"author":[{"embeddable":true,"href":"https:\/\/linitiative.ca\/International\/wp-json\/wp\/v2\/users\/1788"}],"replies":[{"embeddable":true,"href":"https:\/\/linitiative.ca\/International\/wp-json\/wp\/v2\/comments?post=152168"}],"version-history":[{"count":0,"href":"https:\/\/linitiative.ca\/International\/wp-json\/wp\/v2\/posts\/152168\/revisions"}],"wp:attachment":[{"href":"https:\/\/linitiative.ca\/International\/wp-json\/wp\/v2\/media?parent=152168"}],"wp:term":[{"taxonomy":"category","embeddable":true,"href":"https:\/\/linitiative.ca\/International\/wp-json\/wp\/v2\/categories?post=152168"},{"taxonomy":"post_tag","embeddable":true,"href":"https:\/\/linitiative.ca\/International\/wp-json\/wp\/v2\/tags?post=152168"}],"curies":[{"name":"wp","href":"https:\/\/api.w.org\/{rel}","templated":true}]}}