{"id":152170,"date":"2022-07-10T11:48:23","date_gmt":"2022-07-10T15:48:23","guid":{"rendered":"https:\/\/linitiative.ca\/International\/previsions-meteorologiques-pour-le-lundi-11-juillet-2022\/"},"modified":"2022-07-10T11:48:23","modified_gmt":"2022-07-10T15:48:23","slug":"previsions-meteorologiques-pour-le-lundi-11-juillet-2022","status":"publish","type":"post","link":"https:\/\/linitiative.ca\/International\/previsions-meteorologiques-pour-le-lundi-11-juillet-2022\/","title":{"rendered":"Pr\u00e9visions m\u00e9t\u00e9orologiques pour le lundi 11 juillet 2022"},"content":{"rendered":"<div>\n<div style=\"margin-bottom:20px;\"><img loading=\"lazy\" decoding=\"async\" width=\"750\" height=\"430\" src=\"https:\/\/linitiative.ca\/International\/wp-content\/uploads\/sites\/23\/2022\/07\/mC3A9tC3A9o-2.jpg\" class=\"attachment-post-thumbnail size-post-thumbnail wp-post-image\" alt=\"\" srcset=\"https:\/\/linitiative.ca\/International\/wp-content\/uploads\/sites\/23\/2022\/07\/mC3A9tC3A9o-2.jpg 750w, https:\/\/www.mapmarrakech.ma\/map\/uploads\/2022\/02\/m\u00e9t\u00e9o-2-300x172.jpg 300w\" sizes=\"auto, (max-width: 750px) 100vw, 750px\"><\/div>\n<p>\u2013 Temps chaud sur les plaines nord et centre, le Sud-Est, l\u2019int\u00e9rieur du Souss et des provinces du Sud.<\/p>\n<p>\u2013 Nuages bas matinaux et nocturnes assez denses avec formations brumeuses et bruine locale pr\u00e8s des c\u00f4tes atlantiques et sur la rive m\u00e9diterran\u00e9enne.<\/p>\n<p>\u2013 Nuages l\u00e9g\u00e8rement instables sur les Haut et l\u2019Anti-Atlas, le Sud-Est et le sud de l\u2019Oriental avec possibilit\u00e9 de quelques ond\u00e9es \u00e9parses et orages isol\u00e9s.<\/p>\n<p>\u2013 Rafales de vent assez fortes sur le Tang\u00e9rois, les provinces du Sud et le Sud-Est, avec des chasse poussi\u00e8res par endroits.<\/p>\n<p>\u2013 Temp\u00e9ratures minimales de l\u2019ordre de 28\/33\u00b0C sur l\u2019est des provinces du Sud, l\u2019int\u00e9rieur de Chiadma et l\u2019extr\u00eame sud-est, 24\/30\u00b0C sur les plaines int\u00e9rieures nord et centre, l\u2019int\u00e9rieur du Souss et des provinces du Sud et de 17\/23\u00b0C sur l\u2019Oriental, l\u2019Atlas, le Rif, la M\u00e9diterran\u00e9e et les c\u00f4tes atlantiques.<\/p>\n<p>\u2013 Temp\u00e9ratures maximales en l\u00e9g\u00e8re baisse sur les r\u00e9gions centre et le nord des provinces Sud.<\/p>\n<p>\u2013 Mer belle \u00e0 peu agit\u00e9e en M\u00e9diterran\u00e9e et peu agit\u00e9e \u00e0 agit\u00e9e sur le D\u00e9troit, ainsi que sur les c\u00f4tes atlantiques.<\/p>\n<p>The post <a rel=\"nofollow\" href=\"https:\/\/www.mapmarrakech.ma\/fr\/previsions-meteorologiques-pour-le-lundi-11-juillet-2022\/\">Pr\u00e9visions m\u00e9t\u00e9orologiques pour le lundi 11 juillet 2022<\/a> appeared first on <a rel=\"nofollow\" href=\"https:\/\/www.mapmarrakech.ma\/fr\">MapMarrakech<\/a>.<\/p>\n<\/div>\n<p>Auteur: Meriem IGASS<br \/>\n<a href=\"https:\/\/www.mapmarrakech.ma\/fr\/previsions-meteorologiques-pour-le-lundi-11-juillet-2022\/\">Cliquez ici pour lire l&rsquo;article depuis sa source.<\/a><\/p>\n","protected":false},"excerpt":{"rendered":"<p>\u2013 Temps chaud sur les plaines nord et centre, le Sud-Est, l\u2019int\u00e9rieur du Souss et des provinces du Sud. \u2013 Nuages bas matinaux et nocturnes assez denses avec formations brumeuses et bruine locale pr\u00e8s des c\u00f4tes atlantiques et sur la rive m\u00e9diterran\u00e9enne. \u2013 Nuages l\u00e9g\u00e8rement instables sur les Haut et l\u2019Anti-Atlas, le Sud-Est et le [&hellip;]<\/p>\n","protected":false},"author":1788,"featured_media":0,"comment_status":"closed","ping_status":"closed","sticky":false,"template":"","format":"standard","meta":{"fifu_image_url":"https:\/\/www.mapmarrakech.ma\/map\/uploads\/2022\/02\/m\u00e9t\u00e9o-2.jpg","fifu_image_alt":"Pr\u00e9visions m\u00e9t\u00e9orologiques pour le lundi 11 juillet 2022","footnotes":""},"categories":[54,76],"tags":[],"class_list":["post-152170","post","type-post","status-publish","format-standard","hentry","category-maroc","category-regions"],"_links":{"self":[{"href":"https:\/\/linitiative.ca\/International\/wp-json\/wp\/v2\/posts\/152170","targetHints":{"allow":["GET"]}}],"collection":[{"href":"https:\/\/linitiative.ca\/International\/wp-json\/wp\/v2\/posts"}],"about":[{"href":"https:\/\/linitiative.ca\/International\/wp-json\/wp\/v2\/types\/post"}],"author":[{"embeddable":true,"href":"https:\/\/linitiative.ca\/International\/wp-json\/wp\/v2\/users\/1788"}],"replies":[{"embeddable":true,"href":"https:\/\/linitiative.ca\/International\/wp-json\/wp\/v2\/comments?post=152170"}],"version-history":[{"count":0,"href":"https:\/\/linitiative.ca\/International\/wp-json\/wp\/v2\/posts\/152170\/revisions"}],"wp:attachment":[{"href":"https:\/\/linitiative.ca\/International\/wp-json\/wp\/v2\/media?parent=152170"}],"wp:term":[{"taxonomy":"category","embeddable":true,"href":"https:\/\/linitiative.ca\/International\/wp-json\/wp\/v2\/categories?post=152170"},{"taxonomy":"post_tag","embeddable":true,"href":"https:\/\/linitiative.ca\/International\/wp-json\/wp\/v2\/tags?post=152170"}],"curies":[{"name":"wp","href":"https:\/\/api.w.org\/{rel}","templated":true}]}}