{"id":152172,"date":"2022-07-10T03:16:46","date_gmt":"2022-07-10T07:16:46","guid":{"rendered":"https:\/\/linitiative.ca\/International\/gestion-migratoire-madrid-reaffirme-son-engagement-aux-cotes-du-maroc\/"},"modified":"2022-07-10T03:16:46","modified_gmt":"2022-07-10T07:16:46","slug":"gestion-migratoire-madrid-reaffirme-son-engagement-aux-cotes-du-maroc","status":"publish","type":"post","link":"https:\/\/linitiative.ca\/International\/gestion-migratoire-madrid-reaffirme-son-engagement-aux-cotes-du-maroc\/","title":{"rendered":"Gestion migratoire: Madrid r\u00e9affirme son engagement aux c\u00f4t\u00e9s du Maroc"},"content":{"rendered":"<div>\n<div class=\"field field-name-body field-type-text-with-summary field-label-hidden\">\n<div class=\"field-items\">\n<div class=\"field-item even\" property=\"content:encoded\">\n<p class=\"rtejustify\">L&rsquo;Espagne a r\u00e9affirm\u00e9, samedi, son engagement aux c\u00f4t\u00e9s du Maroc dans la gestion de la question migratoire. Samedi, le ministre espagnol de l\u2019Int\u00e9rieur, Fernando Grande-Marlaska, a r\u00e9affirm\u00e9 l\u2019engagement de son pays \u00e0 poursuivre la collaboration avec Rabat\u00a0dans la gestion migratoire et la lutte contre les mafias de traite des \u00eatres humains.<\/p>\n<\/div>\n<\/div>\n<\/div>\n<\/div>\n<p>Auteur: hgueye<br \/>\n<a href=\"https:\/\/www.leconomiste.com\/flash-infos\/gestion-migratoire-madrid-reaffirme-son-engagement-aux-cotes-du-maroc\">Cliquez ici pour lire l&rsquo;article depuis sa source.<\/a><\/p>\n","protected":false},"excerpt":{"rendered":"<p>L&rsquo;Espagne a r\u00e9affirm\u00e9, samedi, son engagement aux c\u00f4t\u00e9s du Maroc dans la gestion de la question migratoire. Samedi, le ministre espagnol de l\u2019Int\u00e9rieur, Fernando Grande-Marlaska, a r\u00e9affirm\u00e9 l\u2019engagement de son pays \u00e0 poursuivre la collaboration avec Rabat\u00a0dans la gestion migratoire et la lutte contre les mafias de traite des \u00eatres humains. Auteur: hgueye Cliquez ici [&hellip;]<\/p>\n","protected":false},"author":1763,"featured_media":0,"comment_status":"closed","ping_status":"closed","sticky":false,"template":"","format":"standard","meta":{"fifu_image_url":"","fifu_image_alt":"","footnotes":""},"categories":[78,54],"tags":[],"class_list":["post-152172","post","type-post","status-publish","format-standard","hentry","category-economie","category-maroc"],"_links":{"self":[{"href":"https:\/\/linitiative.ca\/International\/wp-json\/wp\/v2\/posts\/152172","targetHints":{"allow":["GET"]}}],"collection":[{"href":"https:\/\/linitiative.ca\/International\/wp-json\/wp\/v2\/posts"}],"about":[{"href":"https:\/\/linitiative.ca\/International\/wp-json\/wp\/v2\/types\/post"}],"author":[{"embeddable":true,"href":"https:\/\/linitiative.ca\/International\/wp-json\/wp\/v2\/users\/1763"}],"replies":[{"embeddable":true,"href":"https:\/\/linitiative.ca\/International\/wp-json\/wp\/v2\/comments?post=152172"}],"version-history":[{"count":0,"href":"https:\/\/linitiative.ca\/International\/wp-json\/wp\/v2\/posts\/152172\/revisions"}],"wp:attachment":[{"href":"https:\/\/linitiative.ca\/International\/wp-json\/wp\/v2\/media?parent=152172"}],"wp:term":[{"taxonomy":"category","embeddable":true,"href":"https:\/\/linitiative.ca\/International\/wp-json\/wp\/v2\/categories?post=152172"},{"taxonomy":"post_tag","embeddable":true,"href":"https:\/\/linitiative.ca\/International\/wp-json\/wp\/v2\/tags?post=152172"}],"curies":[{"name":"wp","href":"https:\/\/api.w.org\/{rel}","templated":true}]}}