{"id":152173,"date":"2022-07-10T10:01:38","date_gmt":"2022-07-10T14:01:38","guid":{"rendered":"https:\/\/linitiative.ca\/International\/la-frmf-dement-avoir-engage-regragui\/"},"modified":"2022-07-10T10:01:38","modified_gmt":"2022-07-10T14:01:38","slug":"la-frmf-dement-avoir-engage-regragui","status":"publish","type":"post","link":"https:\/\/linitiative.ca\/International\/la-frmf-dement-avoir-engage-regragui\/","title":{"rendered":"La FRMF d\u00e9ment avoir engag\u00e9 Regragui"},"content":{"rendered":"<div>\n<div class=\"field field-name-body field-type-text-with-summary field-label-hidden\">\n<div class=\"field-items\">\n<div class=\"field-item even\" property=\"content:encoded\">\n<p class=\"rtejustify\">La F\u00e9d\u00e9ration royale marocaine de football (FRMF) r\u00e9agit apr\u00e8s les fausses informations sorties par certains m\u00e9dias au sujet de l&rsquo;engagement de Walid Regragui en tant que nouvel entra\u00eeneur national. L&rsquo;instance a d\u00e9menti les informations relay\u00e9es par certains m\u00e9dias selon lesquelles Walid Regragui aurait sign\u00e9 un contrat d&rsquo;entra\u00eeneur de la s\u00e9lection nationale A. La FRMF rappelle, dans un communiqu\u00e9 publi\u00e9 sur son site web, que \u00ab\u00a0Vahid Halilhodzic est l&rsquo;actuel entraineur des Lions de l&rsquo;Atlas\u00a0\u00bb.<\/p>\n<\/div>\n<\/div>\n<\/div>\n<\/div>\n<p>Auteur: hgueye<br \/>\n<a href=\"https:\/\/www.leconomiste.com\/flash-infos\/la-frmf-dement-avoir-engage-regragui\">Cliquez ici pour lire l&rsquo;article depuis sa source.<\/a><\/p>\n","protected":false},"excerpt":{"rendered":"<p>La F\u00e9d\u00e9ration royale marocaine de football (FRMF) r\u00e9agit apr\u00e8s les fausses informations sorties par certains m\u00e9dias au sujet de l&rsquo;engagement de Walid Regragui en tant que nouvel entra\u00eeneur national. L&rsquo;instance a d\u00e9menti les informations relay\u00e9es par certains m\u00e9dias selon lesquelles Walid Regragui aurait sign\u00e9 un contrat d&rsquo;entra\u00eeneur de la s\u00e9lection nationale A. La FRMF rappelle, [&hellip;]<\/p>\n","protected":false},"author":1763,"featured_media":0,"comment_status":"closed","ping_status":"closed","sticky":false,"template":"","format":"standard","meta":{"fifu_image_url":"","fifu_image_alt":"","footnotes":""},"categories":[78,54],"tags":[],"class_list":["post-152173","post","type-post","status-publish","format-standard","hentry","category-economie","category-maroc"],"_links":{"self":[{"href":"https:\/\/linitiative.ca\/International\/wp-json\/wp\/v2\/posts\/152173","targetHints":{"allow":["GET"]}}],"collection":[{"href":"https:\/\/linitiative.ca\/International\/wp-json\/wp\/v2\/posts"}],"about":[{"href":"https:\/\/linitiative.ca\/International\/wp-json\/wp\/v2\/types\/post"}],"author":[{"embeddable":true,"href":"https:\/\/linitiative.ca\/International\/wp-json\/wp\/v2\/users\/1763"}],"replies":[{"embeddable":true,"href":"https:\/\/linitiative.ca\/International\/wp-json\/wp\/v2\/comments?post=152173"}],"version-history":[{"count":0,"href":"https:\/\/linitiative.ca\/International\/wp-json\/wp\/v2\/posts\/152173\/revisions"}],"wp:attachment":[{"href":"https:\/\/linitiative.ca\/International\/wp-json\/wp\/v2\/media?parent=152173"}],"wp:term":[{"taxonomy":"category","embeddable":true,"href":"https:\/\/linitiative.ca\/International\/wp-json\/wp\/v2\/categories?post=152173"},{"taxonomy":"post_tag","embeddable":true,"href":"https:\/\/linitiative.ca\/International\/wp-json\/wp\/v2\/tags?post=152173"}],"curies":[{"name":"wp","href":"https:\/\/api.w.org\/{rel}","templated":true}]}}