{"id":152174,"date":"2022-07-10T10:07:22","date_gmt":"2022-07-10T14:07:22","guid":{"rendered":"https:\/\/linitiative.ca\/International\/sante-la-crise-du-covid-19-entrave-lacces-aux-soins\/"},"modified":"2022-07-10T10:07:22","modified_gmt":"2022-07-10T14:07:22","slug":"sante-la-crise-du-covid-19-entrave-lacces-aux-soins","status":"publish","type":"post","link":"https:\/\/linitiative.ca\/International\/sante-la-crise-du-covid-19-entrave-lacces-aux-soins\/","title":{"rendered":"Sant\u00e9: La crise du Covid-19 entrave l\u2019acc\u00e8s aux soins"},"content":{"rendered":"<div>\n<div class=\"field field-name-body field-type-text-with-summary field-label-hidden\">\n<div class=\"field-items\">\n<div class=\"field-item even\" property=\"content:encoded\">\n<p class=\"rtejustify\">La crise sanitaire du Covid-19 a eu de lourdes cons\u00e9quences sur l&rsquo;acc\u00e8s aux soins de sant\u00e9. Durant son instauration, le confinement a fortement impact\u00e9 l&rsquo;acc\u00e8s aux services de sant\u00e9 pour les femmes et risque d&rsquo;affecter ces derni\u00e8res pour de nombreuses ann\u00e9es encore, indique le HCP dans une note publi\u00e9e \u00e0 l&rsquo;occasion de la Journ\u00e9e mondiale de la population.<\/p>\n<\/div>\n<\/div>\n<\/div>\n<\/div>\n<p>Auteur: hgueye<br \/>\n<a href=\"https:\/\/www.leconomiste.com\/flash-infos\/sante-la-crise-du-covid-19-entrave-l-acces-aux-soins\">Cliquez ici pour lire l&rsquo;article depuis sa source.<\/a><\/p>\n","protected":false},"excerpt":{"rendered":"<p>La crise sanitaire du Covid-19 a eu de lourdes cons\u00e9quences sur l&rsquo;acc\u00e8s aux soins de sant\u00e9. Durant son instauration, le confinement a fortement impact\u00e9 l&rsquo;acc\u00e8s aux services de sant\u00e9 pour les femmes et risque d&rsquo;affecter ces derni\u00e8res pour de nombreuses ann\u00e9es encore, indique le HCP dans une note publi\u00e9e \u00e0 l&rsquo;occasion de la Journ\u00e9e mondiale [&hellip;]<\/p>\n","protected":false},"author":1763,"featured_media":0,"comment_status":"closed","ping_status":"closed","sticky":false,"template":"","format":"standard","meta":{"fifu_image_url":"","fifu_image_alt":"","footnotes":""},"categories":[78,54],"tags":[],"class_list":["post-152174","post","type-post","status-publish","format-standard","hentry","category-economie","category-maroc"],"_links":{"self":[{"href":"https:\/\/linitiative.ca\/International\/wp-json\/wp\/v2\/posts\/152174","targetHints":{"allow":["GET"]}}],"collection":[{"href":"https:\/\/linitiative.ca\/International\/wp-json\/wp\/v2\/posts"}],"about":[{"href":"https:\/\/linitiative.ca\/International\/wp-json\/wp\/v2\/types\/post"}],"author":[{"embeddable":true,"href":"https:\/\/linitiative.ca\/International\/wp-json\/wp\/v2\/users\/1763"}],"replies":[{"embeddable":true,"href":"https:\/\/linitiative.ca\/International\/wp-json\/wp\/v2\/comments?post=152174"}],"version-history":[{"count":0,"href":"https:\/\/linitiative.ca\/International\/wp-json\/wp\/v2\/posts\/152174\/revisions"}],"wp:attachment":[{"href":"https:\/\/linitiative.ca\/International\/wp-json\/wp\/v2\/media?parent=152174"}],"wp:term":[{"taxonomy":"category","embeddable":true,"href":"https:\/\/linitiative.ca\/International\/wp-json\/wp\/v2\/categories?post=152174"},{"taxonomy":"post_tag","embeddable":true,"href":"https:\/\/linitiative.ca\/International\/wp-json\/wp\/v2\/tags?post=152174"}],"curies":[{"name":"wp","href":"https:\/\/api.w.org\/{rel}","templated":true}]}}