{"id":152175,"date":"2022-07-10T10:13:50","date_gmt":"2022-07-10T14:13:50","guid":{"rendered":"https:\/\/linitiative.ca\/International\/covid-les-pertes-de-revenus-plus-prononcees-chez-les-femmes\/"},"modified":"2022-07-10T10:13:50","modified_gmt":"2022-07-10T14:13:50","slug":"covid-les-pertes-de-revenus-plus-prononcees-chez-les-femmes","status":"publish","type":"post","link":"https:\/\/linitiative.ca\/International\/covid-les-pertes-de-revenus-plus-prononcees-chez-les-femmes\/","title":{"rendered":"Covid: Les pertes de revenus plus prononc\u00e9es chez les femmes"},"content":{"rendered":"<div>\n<div class=\"field field-name-body field-type-text-with-summary field-label-hidden\">\n<div class=\"field-items\">\n<div class=\"field-item even\" property=\"content:encoded\">\n<p class=\"rtejustify\">La crise sanitaire a plus touch\u00e9 les femmes que les hommes sur le volet \u00e9conomique. Elle a entra\u00een\u00e9\u00a0des pertes \u00e9conomiques importantes particuli\u00e8rement pour les femmes, les poussant dans la vuln\u00e9rabilit\u00e9 et la pauvret\u00e9. Ainsi, les m\u00e9nages dirig\u00e9s par des femmes ont plus subi la perte de revenus que leurs homologues hommes chefs de m\u00e9nage, et ce quel que soit le secteur d\u2019activit\u00e9, souligne le HCP.\u00a0<\/p>\n<\/div>\n<\/div>\n<\/div>\n<\/div>\n<p>Auteur: hgueye<br \/>\n<a href=\"https:\/\/www.leconomiste.com\/flash-infos\/covid-les-pertes-de-revenus-plus-prononcees-chez-les-femmes\">Cliquez ici pour lire l&rsquo;article depuis sa source.<\/a><\/p>\n","protected":false},"excerpt":{"rendered":"<p>La crise sanitaire a plus touch\u00e9 les femmes que les hommes sur le volet \u00e9conomique. Elle a entra\u00een\u00e9\u00a0des pertes \u00e9conomiques importantes particuli\u00e8rement pour les femmes, les poussant dans la vuln\u00e9rabilit\u00e9 et la pauvret\u00e9. Ainsi, les m\u00e9nages dirig\u00e9s par des femmes ont plus subi la perte de revenus que leurs homologues hommes chefs de m\u00e9nage, et [&hellip;]<\/p>\n","protected":false},"author":1763,"featured_media":0,"comment_status":"closed","ping_status":"closed","sticky":false,"template":"","format":"standard","meta":{"fifu_image_url":"","fifu_image_alt":"","footnotes":""},"categories":[78,54],"tags":[],"class_list":["post-152175","post","type-post","status-publish","format-standard","hentry","category-economie","category-maroc"],"_links":{"self":[{"href":"https:\/\/linitiative.ca\/International\/wp-json\/wp\/v2\/posts\/152175","targetHints":{"allow":["GET"]}}],"collection":[{"href":"https:\/\/linitiative.ca\/International\/wp-json\/wp\/v2\/posts"}],"about":[{"href":"https:\/\/linitiative.ca\/International\/wp-json\/wp\/v2\/types\/post"}],"author":[{"embeddable":true,"href":"https:\/\/linitiative.ca\/International\/wp-json\/wp\/v2\/users\/1763"}],"replies":[{"embeddable":true,"href":"https:\/\/linitiative.ca\/International\/wp-json\/wp\/v2\/comments?post=152175"}],"version-history":[{"count":0,"href":"https:\/\/linitiative.ca\/International\/wp-json\/wp\/v2\/posts\/152175\/revisions"}],"wp:attachment":[{"href":"https:\/\/linitiative.ca\/International\/wp-json\/wp\/v2\/media?parent=152175"}],"wp:term":[{"taxonomy":"category","embeddable":true,"href":"https:\/\/linitiative.ca\/International\/wp-json\/wp\/v2\/categories?post=152175"},{"taxonomy":"post_tag","embeddable":true,"href":"https:\/\/linitiative.ca\/International\/wp-json\/wp\/v2\/tags?post=152175"}],"curies":[{"name":"wp","href":"https:\/\/api.w.org\/{rel}","templated":true}]}}