{"id":152177,"date":"2022-07-10T05:04:00","date_gmt":"2022-07-10T09:04:00","guid":{"rendered":"https:\/\/linitiative.ca\/International\/ronaldo-aurait-il-joue-un-mauvais-tour-a-manchester-united\/"},"modified":"2022-07-10T05:04:00","modified_gmt":"2022-07-10T09:04:00","slug":"ronaldo-aurait-il-joue-un-mauvais-tour-a-manchester-united","status":"publish","type":"post","link":"https:\/\/linitiative.ca\/International\/ronaldo-aurait-il-joue-un-mauvais-tour-a-manchester-united\/","title":{"rendered":"Ronaldo aurait-il jou\u00e9 un mauvais tour \u00e0 Manchester United ?"},"content":{"rendered":"<div>Absent du groupe de Manchester United pour la tourn\u00e9e de pr\u00e9-saison en Australie et en Tha\u00eflande, Cristiano Ronaldo a s\u00e9ch\u00e9 la reprise des Red Devils pour \u00ab\u00a0raisons personnelles\u00a0\u00bb<\/div>\n<p>Auteur:<br \/>\n<a href=\"https:\/\/www.lebuteur.com\/article\/detail?titre=ronaldo-aurait-il-joue-un-mauvais-tour-a-manchester-united&#038;id=103106\">Cliquez ici pour lire l&rsquo;article depuis sa source.<\/a><\/p>\n","protected":false},"excerpt":{"rendered":"<p>Absent du groupe de Manchester United pour la tourn\u00e9e de pr\u00e9-saison en Australie et en Tha\u00eflande, Cristiano Ronaldo a s\u00e9ch\u00e9 la reprise des Red Devils pour \u00ab\u00a0raisons personnelles\u00a0\u00bb Auteur: Cliquez ici pour lire l&rsquo;article depuis sa source.<\/p>\n","protected":false},"author":1738,"featured_media":0,"comment_status":"closed","ping_status":"closed","sticky":false,"template":"","format":"standard","meta":{"fifu_image_url":"","fifu_image_alt":"","footnotes":""},"categories":[53,75],"tags":[],"class_list":["post-152177","post","type-post","status-publish","format-standard","hentry","category-algerie","category-sport"],"_links":{"self":[{"href":"https:\/\/linitiative.ca\/International\/wp-json\/wp\/v2\/posts\/152177","targetHints":{"allow":["GET"]}}],"collection":[{"href":"https:\/\/linitiative.ca\/International\/wp-json\/wp\/v2\/posts"}],"about":[{"href":"https:\/\/linitiative.ca\/International\/wp-json\/wp\/v2\/types\/post"}],"author":[{"embeddable":true,"href":"https:\/\/linitiative.ca\/International\/wp-json\/wp\/v2\/users\/1738"}],"replies":[{"embeddable":true,"href":"https:\/\/linitiative.ca\/International\/wp-json\/wp\/v2\/comments?post=152177"}],"version-history":[{"count":0,"href":"https:\/\/linitiative.ca\/International\/wp-json\/wp\/v2\/posts\/152177\/revisions"}],"wp:attachment":[{"href":"https:\/\/linitiative.ca\/International\/wp-json\/wp\/v2\/media?parent=152177"}],"wp:term":[{"taxonomy":"category","embeddable":true,"href":"https:\/\/linitiative.ca\/International\/wp-json\/wp\/v2\/categories?post=152177"},{"taxonomy":"post_tag","embeddable":true,"href":"https:\/\/linitiative.ca\/International\/wp-json\/wp\/v2\/tags?post=152177"}],"curies":[{"name":"wp","href":"https:\/\/api.w.org\/{rel}","templated":true}]}}