{"id":152178,"date":"2022-07-10T05:22:00","date_gmt":"2022-07-10T09:22:00","guid":{"rendered":"https:\/\/linitiative.ca\/International\/real-la-mesaventure-vecue-par-fede-valverde-en-vacances-a-ibiza\/"},"modified":"2022-07-10T05:22:00","modified_gmt":"2022-07-10T09:22:00","slug":"real-la-mesaventure-vecue-par-fede-valverde-en-vacances-a-ibiza","status":"publish","type":"post","link":"https:\/\/linitiative.ca\/International\/real-la-mesaventure-vecue-par-fede-valverde-en-vacances-a-ibiza\/","title":{"rendered":"Real : La m\u00e9saventure v\u00e9cue par Fede Valverde en vacances \u00e0 Ibiza"},"content":{"rendered":"<div>C&rsquo;est la femme du joueur qui a d\u00e9voil\u00e9 l&rsquo;information&#8230;<\/div>\n<p>Auteur:<br \/>\n<a href=\"https:\/\/www.lebuteur.com\/article\/detail?titre=real-la-mesaventure-vecue-par-fede-valverde-en-vacances-a-ibiza&#038;id=103107\">Cliquez ici pour lire l&rsquo;article depuis sa source.<\/a><\/p>\n","protected":false},"excerpt":{"rendered":"<p>C&rsquo;est la femme du joueur qui a d\u00e9voil\u00e9 l&rsquo;information&#8230; Auteur: Cliquez ici pour lire l&rsquo;article depuis sa source.<\/p>\n","protected":false},"author":1738,"featured_media":0,"comment_status":"closed","ping_status":"closed","sticky":false,"template":"","format":"standard","meta":{"fifu_image_url":"","fifu_image_alt":"","footnotes":""},"categories":[53,75],"tags":[],"class_list":["post-152178","post","type-post","status-publish","format-standard","hentry","category-algerie","category-sport"],"_links":{"self":[{"href":"https:\/\/linitiative.ca\/International\/wp-json\/wp\/v2\/posts\/152178","targetHints":{"allow":["GET"]}}],"collection":[{"href":"https:\/\/linitiative.ca\/International\/wp-json\/wp\/v2\/posts"}],"about":[{"href":"https:\/\/linitiative.ca\/International\/wp-json\/wp\/v2\/types\/post"}],"author":[{"embeddable":true,"href":"https:\/\/linitiative.ca\/International\/wp-json\/wp\/v2\/users\/1738"}],"replies":[{"embeddable":true,"href":"https:\/\/linitiative.ca\/International\/wp-json\/wp\/v2\/comments?post=152178"}],"version-history":[{"count":0,"href":"https:\/\/linitiative.ca\/International\/wp-json\/wp\/v2\/posts\/152178\/revisions"}],"wp:attachment":[{"href":"https:\/\/linitiative.ca\/International\/wp-json\/wp\/v2\/media?parent=152178"}],"wp:term":[{"taxonomy":"category","embeddable":true,"href":"https:\/\/linitiative.ca\/International\/wp-json\/wp\/v2\/categories?post=152178"},{"taxonomy":"post_tag","embeddable":true,"href":"https:\/\/linitiative.ca\/International\/wp-json\/wp\/v2\/tags?post=152178"}],"curies":[{"name":"wp","href":"https:\/\/api.w.org\/{rel}","templated":true}]}}