{"id":152180,"date":"2022-07-10T08:02:00","date_gmt":"2022-07-10T12:02:00","guid":{"rendered":"https:\/\/linitiative.ca\/International\/milan-ac-le-beau-compliment-de-yacine-adli-pour-bennacer\/"},"modified":"2022-07-10T08:02:00","modified_gmt":"2022-07-10T12:02:00","slug":"milan-ac-le-beau-compliment-de-yacine-adli-pour-bennacer","status":"publish","type":"post","link":"https:\/\/linitiative.ca\/International\/milan-ac-le-beau-compliment-de-yacine-adli-pour-bennacer\/","title":{"rendered":"Milan AC : Le beau compliment de Yacine Adli pour Bennacer"},"content":{"rendered":"<div>Yacine Adli a parl\u00e9 d&rsquo;Isma\u00ebl Bennacer, qu&rsquo;il conna\u00eet tr\u00e8s bien gr\u00e2ce \u00e0 l&rsquo;agent qu&rsquo;ils ont en commun&#8230;<\/div>\n<p>Auteur:<br \/>\n<a href=\"https:\/\/www.lebuteur.com\/article\/detail?titre=milan-ac-le-beau-compliment-de-yacine-adli-pour-bennacer&#038;id=103109\">Cliquez ici pour lire l&rsquo;article depuis sa source.<\/a><\/p>\n","protected":false},"excerpt":{"rendered":"<p>Yacine Adli a parl\u00e9 d&rsquo;Isma\u00ebl Bennacer, qu&rsquo;il conna\u00eet tr\u00e8s bien gr\u00e2ce \u00e0 l&rsquo;agent qu&rsquo;ils ont en commun&#8230; Auteur: Cliquez ici pour lire l&rsquo;article depuis sa source.<\/p>\n","protected":false},"author":1738,"featured_media":0,"comment_status":"closed","ping_status":"closed","sticky":false,"template":"","format":"standard","meta":{"fifu_image_url":"","fifu_image_alt":"","footnotes":""},"categories":[53,75],"tags":[],"class_list":["post-152180","post","type-post","status-publish","format-standard","hentry","category-algerie","category-sport"],"_links":{"self":[{"href":"https:\/\/linitiative.ca\/International\/wp-json\/wp\/v2\/posts\/152180","targetHints":{"allow":["GET"]}}],"collection":[{"href":"https:\/\/linitiative.ca\/International\/wp-json\/wp\/v2\/posts"}],"about":[{"href":"https:\/\/linitiative.ca\/International\/wp-json\/wp\/v2\/types\/post"}],"author":[{"embeddable":true,"href":"https:\/\/linitiative.ca\/International\/wp-json\/wp\/v2\/users\/1738"}],"replies":[{"embeddable":true,"href":"https:\/\/linitiative.ca\/International\/wp-json\/wp\/v2\/comments?post=152180"}],"version-history":[{"count":0,"href":"https:\/\/linitiative.ca\/International\/wp-json\/wp\/v2\/posts\/152180\/revisions"}],"wp:attachment":[{"href":"https:\/\/linitiative.ca\/International\/wp-json\/wp\/v2\/media?parent=152180"}],"wp:term":[{"taxonomy":"category","embeddable":true,"href":"https:\/\/linitiative.ca\/International\/wp-json\/wp\/v2\/categories?post=152180"},{"taxonomy":"post_tag","embeddable":true,"href":"https:\/\/linitiative.ca\/International\/wp-json\/wp\/v2\/tags?post=152180"}],"curies":[{"name":"wp","href":"https:\/\/api.w.org\/{rel}","templated":true}]}}