{"id":152181,"date":"2022-07-10T04:00:00","date_gmt":"2022-07-10T08:00:00","guid":{"rendered":"https:\/\/linitiative.ca\/International\/la-fed-americaine-et-la-bce-sont-sous-pression-pour-faire-baisser-linflation\/"},"modified":"2022-07-10T04:00:00","modified_gmt":"2022-07-10T08:00:00","slug":"la-fed-americaine-et-la-bce-sont-sous-pression-pour-faire-baisser-linflation","status":"publish","type":"post","link":"https:\/\/linitiative.ca\/International\/la-fed-americaine-et-la-bce-sont-sous-pression-pour-faire-baisser-linflation\/","title":{"rendered":"La Fed am\u00e9ricaine et la BCE sont sous pression pour faire baisser l&rsquo;inflation"},"content":{"rendered":"<div><img decoding=\"async\" src=\"https:\/\/linitiative.ca\/International\/wp-content\/uploads\/sites\/23\/2022\/07\/1657393258_article.jpg\" alt=\"La Fed am\u00e9ricaine et la BCE sont sous pression pour faire baisser l\" inflation align=\"left\">Les march\u00e9s obligataires et boursiers mondiaux ont \u00e9t\u00e9 particuli\u00e8rement instables ces derni\u00e8res semaines, la liquidation g\u00e9n\u00e9rale qui a d\u00e9but\u00e9 au d\u00e9but de l&rsquo;ann\u00e9e s&rsquo;\u00e9tant intensifi\u00e9e avec la d\u00e9t\u00e9rioration des perspectives macro\u00e9conomiques. La principale raison de ces mouvements a \u00e9t\u00e9 la multitude d&rsquo;impressions n\u00e9gatives provenant des indices de l&rsquo;inflation dans les principales \u00e9conomies d\u00e9velopp\u00e9es. En fait, l&rsquo;indice global des prix \u00e0 la consommation (IPC) pour les \u00c9tats-Unis et la zone euro a encore augment\u00e9 en mai 2022. \u00c0 8,6 % pour les \u00c9tats-Unis et 8,1 % pour la zone euro, les chiffres de l&rsquo;IPC ont largement d\u00e9pass\u00e9 l&rsquo;objectif de 2 % fix\u00e9 par leurs &#8230;<\/p>\n<\/div>\n<p>Auteur:<br \/>\n<a href=\"https:\/\/www.leaders.com.tn\/article\/33589-la-fed-americaine-et-la-bce-sont-sous-pression-pour-faire-baisser-l-inflation\">Cliquez ici pour lire l&rsquo;article depuis sa source.<\/a><\/p>\n","protected":false},"excerpt":{"rendered":"<p>Les march\u00e9s obligataires et boursiers mondiaux ont \u00e9t\u00e9 particuli\u00e8rement instables ces derni\u00e8res semaines, la liquidation g\u00e9n\u00e9rale qui a d\u00e9but\u00e9 au d\u00e9but de l&rsquo;ann\u00e9e s&rsquo;\u00e9tant intensifi\u00e9e avec la d\u00e9t\u00e9rioration des perspectives macro\u00e9conomiques. La principale raison de ces mouvements a \u00e9t\u00e9 la multitude d&rsquo;impressions n\u00e9gatives provenant des indices de l&rsquo;inflation dans les principales \u00e9conomies d\u00e9velopp\u00e9es. En fait, [&hellip;]<\/p>\n","protected":false},"author":1772,"featured_media":0,"comment_status":"closed","ping_status":"closed","sticky":false,"template":"","format":"standard","meta":{"fifu_image_url":"http:\/\/www.leaders.com.tn\/uploads\/content\/thumbnails_small\/1657393258_article.jpg","fifu_image_alt":"<div>La Fed am\u00e9ricaine et la BCE sont sous pression pour faire baisser l'inflation<\/div>","footnotes":""},"categories":[73,55],"tags":[],"class_list":["post-152181","post","type-post","status-publish","format-standard","hentry","category-actualite","category-tunisie"],"_links":{"self":[{"href":"https:\/\/linitiative.ca\/International\/wp-json\/wp\/v2\/posts\/152181","targetHints":{"allow":["GET"]}}],"collection":[{"href":"https:\/\/linitiative.ca\/International\/wp-json\/wp\/v2\/posts"}],"about":[{"href":"https:\/\/linitiative.ca\/International\/wp-json\/wp\/v2\/types\/post"}],"author":[{"embeddable":true,"href":"https:\/\/linitiative.ca\/International\/wp-json\/wp\/v2\/users\/1772"}],"replies":[{"embeddable":true,"href":"https:\/\/linitiative.ca\/International\/wp-json\/wp\/v2\/comments?post=152181"}],"version-history":[{"count":0,"href":"https:\/\/linitiative.ca\/International\/wp-json\/wp\/v2\/posts\/152181\/revisions"}],"wp:attachment":[{"href":"https:\/\/linitiative.ca\/International\/wp-json\/wp\/v2\/media?parent=152181"}],"wp:term":[{"taxonomy":"category","embeddable":true,"href":"https:\/\/linitiative.ca\/International\/wp-json\/wp\/v2\/categories?post=152181"},{"taxonomy":"post_tag","embeddable":true,"href":"https:\/\/linitiative.ca\/International\/wp-json\/wp\/v2\/tags?post=152181"}],"curies":[{"name":"wp","href":"https:\/\/api.w.org\/{rel}","templated":true}]}}