{"id":152187,"date":"2022-07-10T14:40:00","date_gmt":"2022-07-10T18:40:00","guid":{"rendered":"https:\/\/linitiative.ca\/International\/assassinat-de-lancien-premier-ministre-du-japon-shinzo-abe-la-tunisie-perd-un-grand-ami\/"},"modified":"2022-07-10T14:40:00","modified_gmt":"2022-07-10T18:40:00","slug":"assassinat-de-lancien-premier-ministre-du-japon-shinzo-abe-la-tunisie-perd-un-grand-ami","status":"publish","type":"post","link":"https:\/\/linitiative.ca\/International\/assassinat-de-lancien-premier-ministre-du-japon-shinzo-abe-la-tunisie-perd-un-grand-ami\/","title":{"rendered":"Assassinat de l\u2019ancien premier ministre du Japon Shinzo Abe : la Tunisie perd un grand ami"},"content":{"rendered":"<div><img decoding=\"async\" src=\"https:\/\/linitiative.ca\/International\/wp-content\/uploads\/sites\/23\/2022\/07\/1657474831_article.jpg\" alt=\"Assassinat de l\u2019ancien premier ministre du Japon Shinzu Abe : la Tunisie perd un grand ami\" align=\"left\">L\u2019onde de choc provoqu\u00e9e par le l\u00e2che assassinat vendredi de l\u2019ancien premier ministre du Japon, Shinzo Abe, 67 ans, s\u2019est propag\u00e9e \u00e9galement en Tunisie. Ceux qui suivent les relations bilat\u00e9rales, savent quelle amiti\u00e9 r\u00e9elle nourrissait le d\u00e9funt \u00e0 l\u2019\u00e9gard de notre pays, perp\u00e9tuant la tradition de son p\u00e8re Shintaro Abe,                  ancien ministre des Affaires \u00e9trang\u00e8res et pr\u00e9sident-fondateur de l\u2019Association d\u2019amiti\u00e9 tuniso-japonaise et du Club Hannibal. Chef du Parti lib\u00e9ral-d\u00e9mocrate, Premier-ministre (2012 -2020), la plus importante long\u00e9vit\u00e9 au Japon, il avait imprim\u00e9 \u00e0 son pays une v\u00e9ritable relance diplomatique, \u00e9conomique et &#8230;<\/p>\n<\/div>\n<p>Auteur:<br \/>\n<a href=\"https:\/\/www.leaders.com.tn\/article\/33592-assassinat-de-l-ancien-premier-ministre-du-japon-shinzo-abe-la-tunisie-perd-un-grand-ami\">Cliquez ici pour lire l&rsquo;article depuis sa source.<\/a><\/p>\n","protected":false},"excerpt":{"rendered":"<p>L\u2019onde de choc provoqu\u00e9e par le l\u00e2che assassinat vendredi de l\u2019ancien premier ministre du Japon, Shinzo Abe, 67 ans, s\u2019est propag\u00e9e \u00e9galement en Tunisie. Ceux qui suivent les relations bilat\u00e9rales, savent quelle amiti\u00e9 r\u00e9elle nourrissait le d\u00e9funt \u00e0 l\u2019\u00e9gard de notre pays, perp\u00e9tuant la tradition de son p\u00e8re Shintaro Abe, ancien ministre des Affaires \u00e9trang\u00e8res [&hellip;]<\/p>\n","protected":false},"author":1772,"featured_media":0,"comment_status":"closed","ping_status":"closed","sticky":false,"template":"","format":"standard","meta":{"fifu_image_url":"http:\/\/www.leaders.com.tn\/uploads\/content\/thumbnails_small\/1657474831_article.jpg","fifu_image_alt":"Assassinat de l\u2019ancien premier ministre du Japon Shinzo Abe : la Tunisie perd un grand ami","footnotes":""},"categories":[73,55],"tags":[],"class_list":["post-152187","post","type-post","status-publish","format-standard","hentry","category-actualite","category-tunisie"],"_links":{"self":[{"href":"https:\/\/linitiative.ca\/International\/wp-json\/wp\/v2\/posts\/152187","targetHints":{"allow":["GET"]}}],"collection":[{"href":"https:\/\/linitiative.ca\/International\/wp-json\/wp\/v2\/posts"}],"about":[{"href":"https:\/\/linitiative.ca\/International\/wp-json\/wp\/v2\/types\/post"}],"author":[{"embeddable":true,"href":"https:\/\/linitiative.ca\/International\/wp-json\/wp\/v2\/users\/1772"}],"replies":[{"embeddable":true,"href":"https:\/\/linitiative.ca\/International\/wp-json\/wp\/v2\/comments?post=152187"}],"version-history":[{"count":0,"href":"https:\/\/linitiative.ca\/International\/wp-json\/wp\/v2\/posts\/152187\/revisions"}],"wp:attachment":[{"href":"https:\/\/linitiative.ca\/International\/wp-json\/wp\/v2\/media?parent=152187"}],"wp:term":[{"taxonomy":"category","embeddable":true,"href":"https:\/\/linitiative.ca\/International\/wp-json\/wp\/v2\/categories?post=152187"},{"taxonomy":"post_tag","embeddable":true,"href":"https:\/\/linitiative.ca\/International\/wp-json\/wp\/v2\/tags?post=152187"}],"curies":[{"name":"wp","href":"https:\/\/api.w.org\/{rel}","templated":true}]}}