{"id":152189,"date":"2022-07-10T16:25:49","date_gmt":"2022-07-10T20:25:49","guid":{"rendered":"https:\/\/linitiative.ca\/International\/covid-19-decouverte-dun-nouveau-variant-en-chine\/"},"modified":"2022-07-10T16:25:49","modified_gmt":"2022-07-10T20:25:49","slug":"covid-19-decouverte-dun-nouveau-variant-en-chine","status":"publish","type":"post","link":"https:\/\/linitiative.ca\/International\/covid-19-decouverte-dun-nouveau-variant-en-chine\/","title":{"rendered":"Covid 19\u00a0: D\u00e9couverte d\u2019un nouveau variant en Chine\u00a0!"},"content":{"rendered":"<div>\n<p>Les autorit\u00e9s sanitaires chinoises ont annonc\u00e9 la d\u00e9couverte d\u2019un nouveau sous variant de l\u2019Omicron dans la r\u00e9gion de Shanghai. Il s\u2019agissait d\u2019un cas d\u00e9tect\u00e9 le 8 juillet courant, chez une personne en provenance de l\u2019\u00e9tranger. Les autorit\u00e9s chinoises imposent depuis plus de deux mois, des mesures rigoureuses de pr\u00e9vention \u00e0 type de blocus de certains [\u2026]<\/p>\n<p>L\u2019article <a href=\"https:\/\/www.tunisienumerique.com\/covid-19-decouverte-dun-nouveau-variant-en-chine\/\">Covid 19\u00a0: D\u00e9couverte d\u2019un nouveau variant en Chine\u00a0!<\/a> est apparu en premier sur <a href=\"https:\/\/www.tunisienumerique.com\/\">Tunisie<\/a>.<\/p>\n<\/div>\n<p>Auteur: LM<br \/>\n<a href=\"https:\/\/www.tunisienumerique.com\/covid-19-decouverte-dun-nouveau-variant-en-chine\/\">Cliquez ici pour lire l&rsquo;article depuis sa source.<\/a><\/p>\n","protected":false},"excerpt":{"rendered":"<p>Les autorit\u00e9s sanitaires chinoises ont annonc\u00e9 la d\u00e9couverte d\u2019un nouveau sous variant de l\u2019Omicron dans la r\u00e9gion de Shanghai. Il s\u2019agissait d\u2019un cas d\u00e9tect\u00e9 le 8 juillet courant, chez une personne en provenance de l\u2019\u00e9tranger. Les autorit\u00e9s chinoises imposent depuis plus de deux mois, des mesures rigoureuses de pr\u00e9vention \u00e0 type de blocus de certains [&hellip;]<\/p>\n","protected":false},"author":1789,"featured_media":0,"comment_status":"closed","ping_status":"closed","sticky":false,"template":"","format":"standard","meta":{"fifu_image_url":"","fifu_image_alt":"","footnotes":""},"categories":[73,55],"tags":[],"class_list":["post-152189","post","type-post","status-publish","format-standard","hentry","category-actualite","category-tunisie"],"_links":{"self":[{"href":"https:\/\/linitiative.ca\/International\/wp-json\/wp\/v2\/posts\/152189","targetHints":{"allow":["GET"]}}],"collection":[{"href":"https:\/\/linitiative.ca\/International\/wp-json\/wp\/v2\/posts"}],"about":[{"href":"https:\/\/linitiative.ca\/International\/wp-json\/wp\/v2\/types\/post"}],"author":[{"embeddable":true,"href":"https:\/\/linitiative.ca\/International\/wp-json\/wp\/v2\/users\/1789"}],"replies":[{"embeddable":true,"href":"https:\/\/linitiative.ca\/International\/wp-json\/wp\/v2\/comments?post=152189"}],"version-history":[{"count":0,"href":"https:\/\/linitiative.ca\/International\/wp-json\/wp\/v2\/posts\/152189\/revisions"}],"wp:attachment":[{"href":"https:\/\/linitiative.ca\/International\/wp-json\/wp\/v2\/media?parent=152189"}],"wp:term":[{"taxonomy":"category","embeddable":true,"href":"https:\/\/linitiative.ca\/International\/wp-json\/wp\/v2\/categories?post=152189"},{"taxonomy":"post_tag","embeddable":true,"href":"https:\/\/linitiative.ca\/International\/wp-json\/wp\/v2\/tags?post=152189"}],"curies":[{"name":"wp","href":"https:\/\/api.w.org\/{rel}","templated":true}]}}