{"id":152190,"date":"2022-07-10T16:32:50","date_gmt":"2022-07-10T20:32:50","guid":{"rendered":"https:\/\/linitiative.ca\/International\/tunisie-la-tunisair-reporte-dune-journee-un-vol-de-paris-a-sfax\/"},"modified":"2022-07-10T16:32:50","modified_gmt":"2022-07-10T20:32:50","slug":"tunisie-la-tunisair-reporte-dune-journee-un-vol-de-paris-a-sfax","status":"publish","type":"post","link":"https:\/\/linitiative.ca\/International\/tunisie-la-tunisair-reporte-dune-journee-un-vol-de-paris-a-sfax\/","title":{"rendered":"Tunisie \u2013 La Tunisair reporte d\u2019une journ\u00e9e un vol de Paris \u00e0 Sfax"},"content":{"rendered":"<div>\n<p>La Tunisair s\u2019est excus\u00e9e aupr\u00e8s de ses usagers pour le report du vol pr\u00e9vu ce samedi \u00e0 3H00 du matin, de Paris vers Sfax, pour manque d\u2019appareils. La compagnie a assur\u00e9 qu\u2019elle subit une \u00e9norme pression avec la r\u00e9alisation de pas moins de 38 vols entre la Tunisie et la France, sur la seule journ\u00e9e [\u2026]<\/p>\n<p>L\u2019article <a href=\"https:\/\/www.tunisienumerique.com\/tunisie-la-tunisair-reporte-dune-journee-un-vol-de-paris-a-sfax\/\">Tunisie \u2013 La Tunisair reporte d\u2019une journ\u00e9e un vol de Paris \u00e0 Sfax<\/a> est apparu en premier sur <a href=\"https:\/\/www.tunisienumerique.com\/\">Tunisie<\/a>.<\/p>\n<\/div>\n<p>Auteur: LM<br \/>\n<a href=\"https:\/\/www.tunisienumerique.com\/tunisie-la-tunisair-reporte-dune-journee-un-vol-de-paris-a-sfax\/\">Cliquez ici pour lire l&rsquo;article depuis sa source.<\/a><\/p>\n","protected":false},"excerpt":{"rendered":"<p>La Tunisair s\u2019est excus\u00e9e aupr\u00e8s de ses usagers pour le report du vol pr\u00e9vu ce samedi \u00e0 3H00 du matin, de Paris vers Sfax, pour manque d\u2019appareils. La compagnie a assur\u00e9 qu\u2019elle subit une \u00e9norme pression avec la r\u00e9alisation de pas moins de 38 vols entre la Tunisie et la France, sur la seule journ\u00e9e [&hellip;]<\/p>\n","protected":false},"author":1789,"featured_media":0,"comment_status":"closed","ping_status":"closed","sticky":false,"template":"","format":"standard","meta":{"fifu_image_url":"","fifu_image_alt":"","footnotes":""},"categories":[73,55],"tags":[],"class_list":["post-152190","post","type-post","status-publish","format-standard","hentry","category-actualite","category-tunisie"],"_links":{"self":[{"href":"https:\/\/linitiative.ca\/International\/wp-json\/wp\/v2\/posts\/152190","targetHints":{"allow":["GET"]}}],"collection":[{"href":"https:\/\/linitiative.ca\/International\/wp-json\/wp\/v2\/posts"}],"about":[{"href":"https:\/\/linitiative.ca\/International\/wp-json\/wp\/v2\/types\/post"}],"author":[{"embeddable":true,"href":"https:\/\/linitiative.ca\/International\/wp-json\/wp\/v2\/users\/1789"}],"replies":[{"embeddable":true,"href":"https:\/\/linitiative.ca\/International\/wp-json\/wp\/v2\/comments?post=152190"}],"version-history":[{"count":0,"href":"https:\/\/linitiative.ca\/International\/wp-json\/wp\/v2\/posts\/152190\/revisions"}],"wp:attachment":[{"href":"https:\/\/linitiative.ca\/International\/wp-json\/wp\/v2\/media?parent=152190"}],"wp:term":[{"taxonomy":"category","embeddable":true,"href":"https:\/\/linitiative.ca\/International\/wp-json\/wp\/v2\/categories?post=152190"},{"taxonomy":"post_tag","embeddable":true,"href":"https:\/\/linitiative.ca\/International\/wp-json\/wp\/v2\/tags?post=152190"}],"curies":[{"name":"wp","href":"https:\/\/api.w.org\/{rel}","templated":true}]}}