{"id":152193,"date":"2022-07-10T17:12:52","date_gmt":"2022-07-10T21:12:52","guid":{"rendered":"https:\/\/linitiative.ca\/International\/gafsa-cherche-desesperement-signe-de-campagne-referendaire\/"},"modified":"2022-07-10T17:12:52","modified_gmt":"2022-07-10T21:12:52","slug":"gafsa-cherche-desesperement-signe-de-campagne-referendaire","status":"publish","type":"post","link":"https:\/\/linitiative.ca\/International\/gafsa-cherche-desesperement-signe-de-campagne-referendaire\/","title":{"rendered":"Gafsa : cherche d\u00e9sesp\u00e9r\u00e9ment signe de campagne r\u00e9f\u00e9rendaire."},"content":{"rendered":"<div>\n<p>Au deuxi\u00e8me \u00a0jour de la campagne r\u00e9f\u00e9rendaire, point de signes pr\u00e9sageant cet \u00e9v\u00e9nement\u00a0 et les espaces muraux\u00a0 r\u00e9serv\u00e9s n\u2019ont pas \u00e9t\u00e9 meubl\u00e9s. Un\u00a0 constat relev\u00e9 \u00a0dans tout le p\u00e9rim\u00e8tre \u00e9lectoral, si l\u2019on excepte un avis de lancement pour le r\u00e9f\u00e9rendum du 25 juillet courant. Une semaine s\u2019est \u00e9coul\u00e9e depuis le d\u00e9marrage de la campagne et [\u2026]<\/p>\n<p>L\u2019article <a href=\"https:\/\/www.tunisienumerique.com\/gafsa-cherche-desesperement-signe-de-campagne-referendaire\/\">Gafsa : cherche d\u00e9sesp\u00e9r\u00e9ment signe de campagne r\u00e9f\u00e9rendaire.<\/a> est apparu en premier sur <a href=\"https:\/\/www.tunisienumerique.com\/\">Tunisie<\/a>.<\/p>\n<\/div>\n<p>Auteur: Hafedh Trabelsi<br \/>\n<a href=\"https:\/\/www.tunisienumerique.com\/gafsa-cherche-desesperement-signe-de-campagne-referendaire\/\">Cliquez ici pour lire l&rsquo;article depuis sa source.<\/a><\/p>\n","protected":false},"excerpt":{"rendered":"<p>Au deuxi\u00e8me \u00a0jour de la campagne r\u00e9f\u00e9rendaire, point de signes pr\u00e9sageant cet \u00e9v\u00e9nement\u00a0 et les espaces muraux\u00a0 r\u00e9serv\u00e9s n\u2019ont pas \u00e9t\u00e9 meubl\u00e9s. Un\u00a0 constat relev\u00e9 \u00a0dans tout le p\u00e9rim\u00e8tre \u00e9lectoral, si l\u2019on excepte un avis de lancement pour le r\u00e9f\u00e9rendum du 25 juillet courant. Une semaine s\u2019est \u00e9coul\u00e9e depuis le d\u00e9marrage de la campagne et [&hellip;]<\/p>\n","protected":false},"author":1789,"featured_media":0,"comment_status":"closed","ping_status":"closed","sticky":false,"template":"","format":"standard","meta":{"fifu_image_url":"","fifu_image_alt":"","footnotes":""},"categories":[73,55],"tags":[],"class_list":["post-152193","post","type-post","status-publish","format-standard","hentry","category-actualite","category-tunisie"],"_links":{"self":[{"href":"https:\/\/linitiative.ca\/International\/wp-json\/wp\/v2\/posts\/152193","targetHints":{"allow":["GET"]}}],"collection":[{"href":"https:\/\/linitiative.ca\/International\/wp-json\/wp\/v2\/posts"}],"about":[{"href":"https:\/\/linitiative.ca\/International\/wp-json\/wp\/v2\/types\/post"}],"author":[{"embeddable":true,"href":"https:\/\/linitiative.ca\/International\/wp-json\/wp\/v2\/users\/1789"}],"replies":[{"embeddable":true,"href":"https:\/\/linitiative.ca\/International\/wp-json\/wp\/v2\/comments?post=152193"}],"version-history":[{"count":0,"href":"https:\/\/linitiative.ca\/International\/wp-json\/wp\/v2\/posts\/152193\/revisions"}],"wp:attachment":[{"href":"https:\/\/linitiative.ca\/International\/wp-json\/wp\/v2\/media?parent=152193"}],"wp:term":[{"taxonomy":"category","embeddable":true,"href":"https:\/\/linitiative.ca\/International\/wp-json\/wp\/v2\/categories?post=152193"},{"taxonomy":"post_tag","embeddable":true,"href":"https:\/\/linitiative.ca\/International\/wp-json\/wp\/v2\/tags?post=152193"}],"curies":[{"name":"wp","href":"https:\/\/api.w.org\/{rel}","templated":true}]}}