{"id":152194,"date":"2022-07-10T15:13:51","date_gmt":"2022-07-10T19:13:51","guid":{"rendered":"https:\/\/linitiative.ca\/International\/campagne-legislative-au-senegal-seule-doit-prevaloir-la-force-de-largument\/"},"modified":"2022-07-10T15:13:51","modified_gmt":"2022-07-10T19:13:51","slug":"campagne-legislative-au-senegal-seule-doit-prevaloir-la-force-de-largument","status":"publish","type":"post","link":"https:\/\/linitiative.ca\/International\/campagne-legislative-au-senegal-seule-doit-prevaloir-la-force-de-largument\/","title":{"rendered":"CAMPAGNE LEGISLATIVE AU SENEGAL : Seule doit pr\u00e9valoir la force de l\u2019argument"},"content":{"rendered":"<div>\n<p><img decoding=\"async\" width=\"384\" height=\"216\" src=\"https:\/\/linitiative.ca\/International\/wp-content\/uploads\/sites\/23\/2022\/07\/SENEGAL.jpg\" class=\"attachment- size- wp-post-image\" alt=\"\" loading=\"lazy\" style=\"float:left; margin:0 15px 15px 0;\" srcset=\"https:\/\/linitiative.ca\/International\/wp-content\/uploads\/sites\/23\/2022\/07\/SENEGAL.jpg 384w, https:\/\/lepays.bf\/wp-content\/uploads\/2022\/07\/SENEGAL-300x169.jpg 300w, https:\/\/lepays.bf\/wp-content\/uploads\/2022\/07\/SENEGAL-150x84.jpg 150w\" sizes=\"auto, (max-width: 384px) 100vw, 384px\">Le top d\u00e9part de la campagne pour les \u00e9lections l\u00e9gislatives au S\u00e9n\u00e9gal, a \u00e9t\u00e9 donn\u00e9 le 10 juillet dernier, soit le lendemain de la f\u00eate de Tabaski. Les app\u00e9tissants morceaux de viande de mouton n\u2019ont donc pas eu le temps d\u2019\u00eatre dig\u00e9r\u00e9s totalement par les [\u2026]<\/p>\n<p>L\u2019article <a rel=\"nofollow\" href=\"https:\/\/lepays.bf\/campagne-legislative-au-senegal-seule-doit-prevaloir-la-force-de-largument\/\">CAMPAGNE LEGISLATIVE AU SENEGAL : Seule doit pr\u00e9valoir la force de l\u2019argument<\/a> est apparu en premier sur <a rel=\"nofollow\" href=\"https:\/\/lepays.bf\/\">Editions Le Pays<\/a>.<\/p>\n<\/div>\n<p>Auteur: Editions LEPAYS<br \/>\n<a href=\"https:\/\/lepays.bf\/campagne-legislative-au-senegal-seule-doit-prevaloir-la-force-de-largument\/\">Cliquez ici pour lire l&rsquo;article depuis sa source.<\/a><\/p>\n","protected":false},"excerpt":{"rendered":"<p>Le top d\u00e9part de la campagne pour les \u00e9lections l\u00e9gislatives au S\u00e9n\u00e9gal, a \u00e9t\u00e9 donn\u00e9 le 10 juillet dernier, soit le lendemain de la f\u00eate de Tabaski. Les app\u00e9tissants morceaux de viande de mouton n\u2019ont donc pas eu le temps d\u2019\u00eatre dig\u00e9r\u00e9s totalement par les [\u2026] L\u2019article CAMPAGNE LEGISLATIVE AU SENEGAL : Seule doit pr\u00e9valoir [&hellip;]<\/p>\n","protected":false},"author":1813,"featured_media":0,"comment_status":"closed","ping_status":"closed","sticky":false,"template":"","format":"standard","meta":{"fifu_image_url":"https:\/\/lepays.bf\/wp-content\/uploads\/2022\/07\/SENEGAL.jpg","fifu_image_alt":"CAMPAGNE LEGISLATIVE AU SENEGAL : Seule doit pr\u00e9valoir la force de l\u2019argument","footnotes":""},"categories":[73,81],"tags":[],"class_list":["post-152194","post","type-post","status-publish","format-standard","hentry","category-actualite","category-burkina-faso"],"_links":{"self":[{"href":"https:\/\/linitiative.ca\/International\/wp-json\/wp\/v2\/posts\/152194","targetHints":{"allow":["GET"]}}],"collection":[{"href":"https:\/\/linitiative.ca\/International\/wp-json\/wp\/v2\/posts"}],"about":[{"href":"https:\/\/linitiative.ca\/International\/wp-json\/wp\/v2\/types\/post"}],"author":[{"embeddable":true,"href":"https:\/\/linitiative.ca\/International\/wp-json\/wp\/v2\/users\/1813"}],"replies":[{"embeddable":true,"href":"https:\/\/linitiative.ca\/International\/wp-json\/wp\/v2\/comments?post=152194"}],"version-history":[{"count":0,"href":"https:\/\/linitiative.ca\/International\/wp-json\/wp\/v2\/posts\/152194\/revisions"}],"wp:attachment":[{"href":"https:\/\/linitiative.ca\/International\/wp-json\/wp\/v2\/media?parent=152194"}],"wp:term":[{"taxonomy":"category","embeddable":true,"href":"https:\/\/linitiative.ca\/International\/wp-json\/wp\/v2\/categories?post=152194"},{"taxonomy":"post_tag","embeddable":true,"href":"https:\/\/linitiative.ca\/International\/wp-json\/wp\/v2\/tags?post=152194"}],"curies":[{"name":"wp","href":"https:\/\/api.w.org\/{rel}","templated":true}]}}