{"id":152196,"date":"2022-07-10T15:17:14","date_gmt":"2022-07-10T19:17:14","guid":{"rendered":"https:\/\/linitiative.ca\/International\/rencontre-danciens-chefs-detat-burkinabe-en-vue-de-la-reconciliation-nationale-une-operation-commando-qui-a-vire-au-fiasco\/"},"modified":"2022-07-10T15:17:14","modified_gmt":"2022-07-10T19:17:14","slug":"rencontre-danciens-chefs-detat-burkinabe-en-vue-de-la-reconciliation-nationale-une-operation-commando-qui-a-vire-au-fiasco","status":"publish","type":"post","link":"https:\/\/linitiative.ca\/International\/rencontre-danciens-chefs-detat-burkinabe-en-vue-de-la-reconciliation-nationale-une-operation-commando-qui-a-vire-au-fiasco\/","title":{"rendered":"RENCONTRE D\u2019ANCIENS CHEFS D\u2019ETAT BURKINABE EN VUE DE LA RECONCILIATION NATIONALE : Une op\u00e9ration commando qui a vir\u00e9 au fiasco"},"content":{"rendered":"<div>\n<p><img loading=\"lazy\" decoding=\"async\" width=\"900\" height=\"486\" src=\"https:\/\/linitiative.ca\/International\/wp-content\/uploads\/sites\/23\/2022\/07\/BF.jpg\" class=\"attachment- size- wp-post-image\" alt=\"\" style=\"float:left; margin:0 15px 15px 0;\" srcset=\"https:\/\/linitiative.ca\/International\/wp-content\/uploads\/sites\/23\/2022\/07\/BF.jpg 900w, https:\/\/lepays.bf\/wp-content\/uploads\/2022\/07\/BF-300x162.jpg 300w, https:\/\/lepays.bf\/wp-content\/uploads\/2022\/07\/BF-150x81.jpg 150w, https:\/\/lepays.bf\/wp-content\/uploads\/2022\/07\/BF-768x415.jpg 768w\" sizes=\"auto, (max-width: 900px) 100vw, 900px\">Ainsi donc Blaise Compaor\u00e9 a quitt\u00e9 sans encombre Ouagadougou \u00e0 bord du Gulstream G550 affr\u00e9t\u00e9 par la pr\u00e9sidence ivoirienne, dans l\u2019apr\u00e8s-midi du 10 juillet 2022, pour Abidjan apr\u00e8s 48 heures de s\u00e9jour controvers\u00e9 sur sa terre natale du Burkina Faso et malgr\u00e9 des appels tous [\u2026]<\/p>\n<p>L\u2019article <a rel=\"nofollow\" href=\"https:\/\/lepays.bf\/rencontre-danciens-chefs-detat-burkinabe-en-vue-de-la-reconciliation-nationale-une-operation-commando-qui-a-vire-au-fiasco\/\">RENCONTRE D\u2019ANCIENS CHEFS D\u2019ETAT BURKINABE EN VUE DE LA RECONCILIATION NATIONALE : Une op\u00e9ration commando qui a vir\u00e9 au fiasco<\/a> est apparu en premier sur <a rel=\"nofollow\" href=\"https:\/\/lepays.bf\/\">Editions Le Pays<\/a>.<\/p>\n<\/div>\n<p>Auteur: Editions LEPAYS<br \/>\n<a href=\"https:\/\/lepays.bf\/rencontre-danciens-chefs-detat-burkinabe-en-vue-de-la-reconciliation-nationale-une-operation-commando-qui-a-vire-au-fiasco\/\">Cliquez ici pour lire l&rsquo;article depuis sa source.<\/a><\/p>\n","protected":false},"excerpt":{"rendered":"<p>Ainsi donc Blaise Compaor\u00e9 a quitt\u00e9 sans encombre Ouagadougou \u00e0 bord du Gulstream G550 affr\u00e9t\u00e9 par la pr\u00e9sidence ivoirienne, dans l\u2019apr\u00e8s-midi du 10 juillet 2022, pour Abidjan apr\u00e8s 48 heures de s\u00e9jour controvers\u00e9 sur sa terre natale du Burkina Faso et malgr\u00e9 des appels tous [\u2026] L\u2019article RENCONTRE D\u2019ANCIENS CHEFS D\u2019ETAT BURKINABE EN VUE DE [&hellip;]<\/p>\n","protected":false},"author":1813,"featured_media":0,"comment_status":"closed","ping_status":"closed","sticky":false,"template":"","format":"standard","meta":{"fifu_image_url":"https:\/\/lepays.bf\/wp-content\/uploads\/2022\/07\/BF.jpg","fifu_image_alt":"RENCONTRE D\u2019ANCIENS CHEFS D\u2019ETAT BURKINABE EN VUE DE LA RECONCILIATION NATIONALE : Une op\u00e9ration commando qui a vir\u00e9 au fiasco","footnotes":""},"categories":[73,81],"tags":[],"class_list":["post-152196","post","type-post","status-publish","format-standard","hentry","category-actualite","category-burkina-faso"],"_links":{"self":[{"href":"https:\/\/linitiative.ca\/International\/wp-json\/wp\/v2\/posts\/152196","targetHints":{"allow":["GET"]}}],"collection":[{"href":"https:\/\/linitiative.ca\/International\/wp-json\/wp\/v2\/posts"}],"about":[{"href":"https:\/\/linitiative.ca\/International\/wp-json\/wp\/v2\/types\/post"}],"author":[{"embeddable":true,"href":"https:\/\/linitiative.ca\/International\/wp-json\/wp\/v2\/users\/1813"}],"replies":[{"embeddable":true,"href":"https:\/\/linitiative.ca\/International\/wp-json\/wp\/v2\/comments?post=152196"}],"version-history":[{"count":0,"href":"https:\/\/linitiative.ca\/International\/wp-json\/wp\/v2\/posts\/152196\/revisions"}],"wp:attachment":[{"href":"https:\/\/linitiative.ca\/International\/wp-json\/wp\/v2\/media?parent=152196"}],"wp:term":[{"taxonomy":"category","embeddable":true,"href":"https:\/\/linitiative.ca\/International\/wp-json\/wp\/v2\/categories?post=152196"},{"taxonomy":"post_tag","embeddable":true,"href":"https:\/\/linitiative.ca\/International\/wp-json\/wp\/v2\/tags?post=152196"}],"curies":[{"name":"wp","href":"https:\/\/api.w.org\/{rel}","templated":true}]}}