{"id":152198,"date":"2022-07-10T06:06:31","date_gmt":"2022-07-10T10:06:31","guid":{"rendered":"https:\/\/linitiative.ca\/International\/championnat-marocain-letalon-issoufou-dayo-elu-meilleur-joueur-etranger\/"},"modified":"2022-07-10T06:06:31","modified_gmt":"2022-07-10T10:06:31","slug":"championnat-marocain-letalon-issoufou-dayo-elu-meilleur-joueur-etranger","status":"publish","type":"post","link":"https:\/\/linitiative.ca\/International\/championnat-marocain-letalon-issoufou-dayo-elu-meilleur-joueur-etranger\/","title":{"rendered":"Championnat Marocain\u00a0: L\u2019Etalon Issoufou Dayo \u00e9lu meilleur joueur \u00e9tranger."},"content":{"rendered":"<div>\n<p>Le football marocain a f\u00eat\u00e9 ses meilleurs \u00e9l\u00e9ments jeudi soir lors de la 8e \u00e9dition de la (Nuit des Stars). L\u2019international burkinab\u00e8 de la RS Berkane, Issoufou Dayo, a \u00e9t\u00e9 \u00e9lu meilleur joueur \u00e9tranger. L\u2019Etalon a contribu\u00e9 grandement au 2 e\u00a0titre de son club en Coupe de la CAF.<\/p>\n<p><strong>Sidwaya.info<\/strong><\/p>\n<p><strong>Source\u00a0: F\u00e9d\u00e9ration Burkinab\u00e8 de Football<\/strong><\/p>\n<\/div>\n<p>Auteur: Wamini SIDWAYA<br \/>\n<a href=\"https:\/\/www.sidwaya.info\/blog\/2022\/07\/10\/championnat-marocain-letalon-issoufou-dayo-elu-meilleur-joueur-etranger\/\">Cliquez ici pour lire l&rsquo;article depuis sa source.<\/a><\/p>\n","protected":false},"excerpt":{"rendered":"<p>Le football marocain a f\u00eat\u00e9 ses meilleurs \u00e9l\u00e9ments jeudi soir lors de la 8e \u00e9dition de la (Nuit des Stars). L\u2019international burkinab\u00e8 de la RS Berkane, Issoufou Dayo, a \u00e9t\u00e9 \u00e9lu meilleur joueur \u00e9tranger. L\u2019Etalon a contribu\u00e9 grandement au 2 e\u00a0titre de son club en Coupe de la CAF. Sidwaya.info Source\u00a0: F\u00e9d\u00e9ration Burkinab\u00e8 de Football [&hellip;]<\/p>\n","protected":false},"author":1816,"featured_media":0,"comment_status":"closed","ping_status":"closed","sticky":false,"template":"","format":"standard","meta":{"fifu_image_url":"","fifu_image_alt":"","footnotes":""},"categories":[73,81],"tags":[],"class_list":["post-152198","post","type-post","status-publish","format-standard","hentry","category-actualite","category-burkina-faso"],"_links":{"self":[{"href":"https:\/\/linitiative.ca\/International\/wp-json\/wp\/v2\/posts\/152198","targetHints":{"allow":["GET"]}}],"collection":[{"href":"https:\/\/linitiative.ca\/International\/wp-json\/wp\/v2\/posts"}],"about":[{"href":"https:\/\/linitiative.ca\/International\/wp-json\/wp\/v2\/types\/post"}],"author":[{"embeddable":true,"href":"https:\/\/linitiative.ca\/International\/wp-json\/wp\/v2\/users\/1816"}],"replies":[{"embeddable":true,"href":"https:\/\/linitiative.ca\/International\/wp-json\/wp\/v2\/comments?post=152198"}],"version-history":[{"count":0,"href":"https:\/\/linitiative.ca\/International\/wp-json\/wp\/v2\/posts\/152198\/revisions"}],"wp:attachment":[{"href":"https:\/\/linitiative.ca\/International\/wp-json\/wp\/v2\/media?parent=152198"}],"wp:term":[{"taxonomy":"category","embeddable":true,"href":"https:\/\/linitiative.ca\/International\/wp-json\/wp\/v2\/categories?post=152198"},{"taxonomy":"post_tag","embeddable":true,"href":"https:\/\/linitiative.ca\/International\/wp-json\/wp\/v2\/tags?post=152198"}],"curies":[{"name":"wp","href":"https:\/\/api.w.org\/{rel}","templated":true}]}}