{"id":152199,"date":"2022-07-10T06:21:40","date_gmt":"2022-07-10T10:21:40","guid":{"rendered":"https:\/\/linitiative.ca\/International\/celebration-de-laid-el-kebir-2022-les-fideles-musulmans-ont-prie-pour-la-paix\/"},"modified":"2022-07-10T06:21:40","modified_gmt":"2022-07-10T10:21:40","slug":"celebration-de-laid-el-kebir-2022-les-fideles-musulmans-ont-prie-pour-la-paix","status":"publish","type":"post","link":"https:\/\/linitiative.ca\/International\/celebration-de-laid-el-kebir-2022-les-fideles-musulmans-ont-prie-pour-la-paix\/","title":{"rendered":"C\u00e9l\u00e9bration de l\u2019A\u00efd El K\u00e9bir 2022\u00a0: Les fid\u00e8les musulmans ont pri\u00e9 pour la paix"},"content":{"rendered":"<div>\n<p><strong>La Communaut\u00e9 musulmane du Burkina Faso (CMBF) a c\u00e9l\u00e9br\u00e9 la f\u00eate de Tabaski ou l\u2019A\u00efd El K\u00e9bir, le samedi 9 juillet 2022. A Ouagadougou, des fid\u00e8les musulmans se sont retrouv\u00e9s \u00e0 la Place de la Nation pour la grande pri\u00e8re.\u00a0 Paix et coh\u00e9sion sociale sont les v\u0153ux chers formul\u00e9s par les fid\u00e8les. <\/strong><\/p>\n<p>Les musulmans du monde entier \u00e0 l\u2019instar de ceux du pays des Hommes int\u00e8gres ont c\u00e9l\u00e9br\u00e9 le samedi 9 juillet 2022 la f\u00eate de Tabaski. Ils \u00e9taient nombreux hommes, femmes, jeunes et enfants \u00e0 prendre d\u2019assaut la Place de la Nation de Ouagadougou pour\u00a0la grande pri\u00e8re. Et c\u2019est l\u2019iman Abdallah Ou\u00e9draogo de la grande mosqu\u00e9e de Ouagadougou qui a dirig\u00e9 la pri\u00e8re. Au cours de son sermon, il a invit\u00e9 les fid\u00e8les musulmans \u00e0 \u00eatre des artisans de paix dans un contexte national o\u00f9 les fondamentaux de la nation tels que le vivre-ensemble, la paix, la coh\u00e9sion sociale sont mis \u00e0 rude \u00e9preuve.<\/p>\n<p><img decoding=\"async\" data-attachment-id=\"52073\" data-permalink=\"https:\/\/www.sidwaya.info\/blog\/2022\/07\/10\/celebration-de-laid-el-kebir-2022-les-fideles-musulmans-ont-prie-pour-la-paix\/ph-imam-2\/\" data-orig-file=\"https:\/\/i0.wp.com\/www.sidwaya.info\/wp-content\/uploads\/2022\/07\/Ph-imam-1.jpg?fit=900%2C418&amp;ssl=1\" data-orig-size=\"900,418\" data-comments-opened=\"1\" data-image-meta='{\"aperture\":\"0\",\"credit\":\"\",\"camera\":\"\",\"caption\":\"\",\"created_timestamp\":\"0\",\"copyright\":\"\",\"focal_length\":\"0\",\"iso\":\"0\",\"shutter_speed\":\"0\",\"title\":\"\",\"orientation\":\"1\"}' data-image-title=\"Ph imam\" data-image-description=\"\" data-image-caption=\"\" data-medium-file=\"https:\/\/i0.wp.com\/www.sidwaya.info\/wp-content\/uploads\/2022\/07\/Ph-imam-1.jpg?fit=300%2C139&amp;ssl=1\" data-large-file=\"https:\/\/i0.wp.com\/www.sidwaya.info\/wp-content\/uploads\/2022\/07\/Ph-imam-1.jpg?fit=696%2C323&amp;ssl=1\" loading=\"lazy\" class=\"alignnone size-full wp-image-52073\" src=\"https:\/\/i0.wp.com\/www.sidwaya.info\/wp-content\/uploads\/2022\/07\/Ph-imam-1.jpg?resize=696,323&amp;ssl=1\" alt=\"\" width=\"696\" height=\"323\" srcset=\"https:\/\/i0.wp.com\/www.sidwaya.info\/wp-content\/uploads\/2022\/07\/Ph-imam-1.jpg?w=900&amp;ssl=1 900w, https:\/\/i0.wp.com\/www.sidwaya.info\/wp-content\/uploads\/2022\/07\/Ph-imam-1.jpg?resize=300%2C139&amp;ssl=1 300w, https:\/\/i0.wp.com\/www.sidwaya.info\/wp-content\/uploads\/2022\/07\/Ph-imam-1.jpg?resize=768%2C357&amp;ssl=1 768w, https:\/\/i0.wp.com\/www.sidwaya.info\/wp-content\/uploads\/2022\/07\/Ph-imam-1.jpg?resize=150%2C70&amp;ssl=1 150w, https:\/\/i0.wp.com\/www.sidwaya.info\/wp-content\/uploads\/2022\/07\/Ph-imam-1.jpg?resize=696,323&amp;ssl=1 696w\" sizes=\"auto, (max-width: 696px) 100vw, 696px\" data-recalc-dims=\"1\"><\/p>\n<p>\u00ab\u00a0Nous souhaitons bonne f\u00eate \u00e0 tous les fid\u00e8les musulmans du Burkina Faso et ceux du monde entier. Nous profitons souhaiter que la paix revienne dans notre pays\u00a0\u00bb, a d\u00e9clar\u00e9 le pr\u00e9sident de la communaut\u00e9 musulmane du Burkina (CMBF), El hadj Moussa Kouanda. De m\u00eame, il a salu\u00e9 les autres confessions religieuses qui ont effectu\u00e9es le d\u00e9placement pour apporter leur soutien \u00e0 la communaut\u00e9 musulmane. \u00a0\u00ab\u00a0Nous invitons toute la classe politique \u00e0 \u0153uvrer pour la paix au Burkina Faso\u00a0\u00bb, a fait savoir El Hadj Moussa Kouanda.<\/p>\n<p><img decoding=\"async\" data-attachment-id=\"52071\" data-permalink=\"https:\/\/www.sidwaya.info\/blog\/2022\/07\/10\/celebration-de-laid-el-kebir-2022-les-fideles-musulmans-ont-prie-pour-la-paix\/ph-prech\/\" data-orig-file=\"https:\/\/i0.wp.com\/www.sidwaya.info\/wp-content\/uploads\/2022\/07\/Ph-prech.jpg?fit=900%2C674&amp;ssl=1\" data-orig-size=\"900,674\" data-comments-opened=\"1\" data-image-meta='{\"aperture\":\"0\",\"credit\":\"\",\"camera\":\"\",\"caption\":\"\",\"created_timestamp\":\"0\",\"copyright\":\"\",\"focal_length\":\"0\",\"iso\":\"0\",\"shutter_speed\":\"0\",\"title\":\"\",\"orientation\":\"1\"}' data-image-title=\"Ph prech\" data-image-description=\"\" data-image-caption=\"\" data-medium-file=\"https:\/\/i0.wp.com\/www.sidwaya.info\/wp-content\/uploads\/2022\/07\/Ph-prech.jpg?fit=300%2C225&amp;ssl=1\" data-large-file=\"https:\/\/i0.wp.com\/www.sidwaya.info\/wp-content\/uploads\/2022\/07\/Ph-prech.jpg?fit=696%2C521&amp;ssl=1\" loading=\"lazy\" class=\"alignnone size-full wp-image-52071\" src=\"https:\/\/i0.wp.com\/www.sidwaya.info\/wp-content\/uploads\/2022\/07\/Ph-prech.jpg?resize=696,521&amp;ssl=1\" alt=\"\" width=\"696\" height=\"521\" srcset=\"https:\/\/i0.wp.com\/www.sidwaya.info\/wp-content\/uploads\/2022\/07\/Ph-prech.jpg?w=900&amp;ssl=1 900w, https:\/\/i0.wp.com\/www.sidwaya.info\/wp-content\/uploads\/2022\/07\/Ph-prech.jpg?resize=300%2C225&amp;ssl=1 300w, https:\/\/i0.wp.com\/www.sidwaya.info\/wp-content\/uploads\/2022\/07\/Ph-prech.jpg?resize=768%2C575&amp;ssl=1 768w, https:\/\/i0.wp.com\/www.sidwaya.info\/wp-content\/uploads\/2022\/07\/Ph-prech.jpg?resize=150%2C112&amp;ssl=1 150w, https:\/\/i0.wp.com\/www.sidwaya.info\/wp-content\/uploads\/2022\/07\/Ph-prech.jpg?resize=696,521&amp;ssl=1 696w, https:\/\/i0.wp.com\/www.sidwaya.info\/wp-content\/uploads\/2022\/07\/Ph-prech.jpg?resize=561%2C420&amp;ssl=1 561w, https:\/\/i0.wp.com\/www.sidwaya.info\/wp-content\/uploads\/2022\/07\/Ph-prech.jpg?resize=80%2C60&amp;ssl=1 80w, https:\/\/i0.wp.com\/www.sidwaya.info\/wp-content\/uploads\/2022\/07\/Ph-prech.jpg?resize=265%2C198&amp;ssl=1 265w\" sizes=\"auto, (max-width: 696px) 100vw, 696px\" data-recalc-dims=\"1\"><\/p>\n<p>Au nom du gouvernement burkinab\u00e8, le ministre des Affaires religieuses et coutumi\u00e8res, Issaka Sourwema a souhait\u00e9 bonne f\u00eate de l\u2019A\u00efd El K\u00e9bir aux musulmans. \u00a0Saisissant l\u2019occasion, il a soulign\u00e9 la n\u00e9cessit\u00e9 que le peuple burkinab\u00e8 travaille dans l\u2019unit\u00e9 pour la construction d\u2019un Burkina Faso r\u00e9silient o\u00f9 la paix est une r\u00e9alit\u00e9. Aux dires de M. Sourwema,\u00a0la paix est la r\u00e8gle en islam, et par cons\u00e9quent les messages de paix doivent \u00eatre perp\u00e9tuellement v\u00e9hicul\u00e9s par les leaders religieux. \u00ab\u00a0Nous invitons ceux qui ont pris les armes contre leurs fr\u00e8res et s\u0153urs \u00e0 avoir raison garder et \u00e0 revenir \u00e0 la maison parce la famille les attend avec impatience\u00a0\u00bb, a-t-il dit. \u00a0Pr\u00e9sente aux c\u00f4t\u00e9s des musulmans pendant ces moments de pri\u00e8re, une d\u00e9l\u00e9gation de la mission catholique conduite par le nonce apostolique Mon Seigneur Michael Crotty qui a appel\u00e9 les Burkinab\u00e8 \u00e0 l\u2019union. \u00ab\u00a0Prions pour la fraternit\u00e9\u00a0\u00bb, a-t-il laiss\u00e9 entendre.<\/p>\n<p><img decoding=\"async\" data-attachment-id=\"52072\" data-permalink=\"https:\/\/www.sidwaya.info\/blog\/2022\/07\/10\/celebration-de-laid-el-kebir-2022-les-fideles-musulmans-ont-prie-pour-la-paix\/ph-prier\/\" data-orig-file=\"https:\/\/i0.wp.com\/www.sidwaya.info\/wp-content\/uploads\/2022\/07\/Ph-prier.jpg?fit=900%2C675&amp;ssl=1\" data-orig-size=\"900,675\" data-comments-opened=\"1\" data-image-meta='{\"aperture\":\"0\",\"credit\":\"\",\"camera\":\"\",\"caption\":\"\",\"created_timestamp\":\"0\",\"copyright\":\"\",\"focal_length\":\"0\",\"iso\":\"0\",\"shutter_speed\":\"0\",\"title\":\"\",\"orientation\":\"1\"}' data-image-title=\"Ph prier\" data-image-description=\"\" data-image-caption=\"\" data-medium-file=\"https:\/\/i0.wp.com\/www.sidwaya.info\/wp-content\/uploads\/2022\/07\/Ph-prier.jpg?fit=300%2C225&amp;ssl=1\" data-large-file=\"https:\/\/i0.wp.com\/www.sidwaya.info\/wp-content\/uploads\/2022\/07\/Ph-prier.jpg?fit=696%2C522&amp;ssl=1\" loading=\"lazy\" class=\"alignnone size-full wp-image-52072\" src=\"https:\/\/i0.wp.com\/www.sidwaya.info\/wp-content\/uploads\/2022\/07\/Ph-prier.jpg?resize=696,522&amp;ssl=1\" alt=\"\" width=\"696\" height=\"522\" srcset=\"https:\/\/i0.wp.com\/www.sidwaya.info\/wp-content\/uploads\/2022\/07\/Ph-prier.jpg?w=900&amp;ssl=1 900w, https:\/\/i0.wp.com\/www.sidwaya.info\/wp-content\/uploads\/2022\/07\/Ph-prier.jpg?resize=300%2C225&amp;ssl=1 300w, https:\/\/i0.wp.com\/www.sidwaya.info\/wp-content\/uploads\/2022\/07\/Ph-prier.jpg?resize=768%2C576&amp;ssl=1 768w, https:\/\/i0.wp.com\/www.sidwaya.info\/wp-content\/uploads\/2022\/07\/Ph-prier.jpg?resize=150%2C113&amp;ssl=1 150w, https:\/\/i0.wp.com\/www.sidwaya.info\/wp-content\/uploads\/2022\/07\/Ph-prier.jpg?resize=696,522&amp;ssl=1 696w, https:\/\/i0.wp.com\/www.sidwaya.info\/wp-content\/uploads\/2022\/07\/Ph-prier.jpg?resize=560%2C420&amp;ssl=1 560w, https:\/\/i0.wp.com\/www.sidwaya.info\/wp-content\/uploads\/2022\/07\/Ph-prier.jpg?resize=80%2C60&amp;ssl=1 80w, https:\/\/i0.wp.com\/www.sidwaya.info\/wp-content\/uploads\/2022\/07\/Ph-prier.jpg?resize=265%2C198&amp;ssl=1 265w\" sizes=\"auto, (max-width: 696px) 100vw, 696px\" data-recalc-dims=\"1\"><\/p>\n<p><strong>D\u00f4 DAO <\/strong><\/p>\n<p><strong>(Stagiaire)<\/strong><\/p>\n<\/div>\n<p>Auteur: Wamini SIDWAYA<br \/>\n<a href=\"https:\/\/www.sidwaya.info\/blog\/2022\/07\/10\/celebration-de-laid-el-kebir-2022-les-fideles-musulmans-ont-prie-pour-la-paix\/\">Cliquez ici pour lire l&rsquo;article depuis sa source.<\/a><\/p>\n","protected":false},"excerpt":{"rendered":"<p>La Communaut\u00e9 musulmane du Burkina Faso (CMBF) a c\u00e9l\u00e9br\u00e9 la f\u00eate de Tabaski ou l\u2019A\u00efd El K\u00e9bir, le samedi 9 juillet 2022. A Ouagadougou, des fid\u00e8les musulmans se sont retrouv\u00e9s \u00e0 la Place de la Nation pour la grande pri\u00e8re.\u00a0 Paix et coh\u00e9sion sociale sont les v\u0153ux chers formul\u00e9s par les fid\u00e8les. Les musulmans du [&hellip;]<\/p>\n","protected":false},"author":1816,"featured_media":0,"comment_status":"closed","ping_status":"closed","sticky":false,"template":"","format":"standard","meta":{"fifu_image_url":"https:\/\/i0.wp.com\/www.sidwaya.info\/wp-content\/uploads\/2022\/07\/Ph-imam-1.jpg?resize=696,323&ssl=1","fifu_image_alt":"C\u00e9l\u00e9bration de l\u2019A\u00efd El K\u00e9bir 2022\u00a0: Les fid\u00e8les musulmans ont pri\u00e9 pour la paix","footnotes":""},"categories":[73,81],"tags":[],"class_list":["post-152199","post","type-post","status-publish","format-standard","hentry","category-actualite","category-burkina-faso"],"_links":{"self":[{"href":"https:\/\/linitiative.ca\/International\/wp-json\/wp\/v2\/posts\/152199","targetHints":{"allow":["GET"]}}],"collection":[{"href":"https:\/\/linitiative.ca\/International\/wp-json\/wp\/v2\/posts"}],"about":[{"href":"https:\/\/linitiative.ca\/International\/wp-json\/wp\/v2\/types\/post"}],"author":[{"embeddable":true,"href":"https:\/\/linitiative.ca\/International\/wp-json\/wp\/v2\/users\/1816"}],"replies":[{"embeddable":true,"href":"https:\/\/linitiative.ca\/International\/wp-json\/wp\/v2\/comments?post=152199"}],"version-history":[{"count":0,"href":"https:\/\/linitiative.ca\/International\/wp-json\/wp\/v2\/posts\/152199\/revisions"}],"wp:attachment":[{"href":"https:\/\/linitiative.ca\/International\/wp-json\/wp\/v2\/media?parent=152199"}],"wp:term":[{"taxonomy":"category","embeddable":true,"href":"https:\/\/linitiative.ca\/International\/wp-json\/wp\/v2\/categories?post=152199"},{"taxonomy":"post_tag","embeddable":true,"href":"https:\/\/linitiative.ca\/International\/wp-json\/wp\/v2\/tags?post=152199"}],"curies":[{"name":"wp","href":"https:\/\/api.w.org\/{rel}","templated":true}]}}