{"id":152204,"date":"2022-07-10T03:20:12","date_gmt":"2022-07-10T07:20:12","guid":{"rendered":"https:\/\/linitiative.ca\/International\/gabriel-zabo-le-cameroun-doit-etre-tres-performant-en-quart-de-finale\/"},"modified":"2022-07-10T03:20:12","modified_gmt":"2022-07-10T07:20:12","slug":"gabriel-zabo-le-cameroun-doit-etre-tres-performant-en-quart-de-finale","status":"publish","type":"post","link":"https:\/\/linitiative.ca\/International\/gabriel-zabo-le-cameroun-doit-etre-tres-performant-en-quart-de-finale\/","title":{"rendered":"Gabriel Zabo : \u00able Cameroun doit \u00eatre tr\u00e8s performant en quart de finale \u00bb"},"content":{"rendered":"<div>\n<p><img decoding=\"async\" width=\"710\" height=\"456\" src=\"https:\/\/linitiative.ca\/International\/wp-content\/uploads\/sites\/23\/2022\/07\/Gabriel-Zabo-pendant-la-conference-de-presse.jpeg\" class=\"attachment-post-thumbnail size-post-thumbnail wp-post-image\" alt=\"\" loading=\"lazy\" srcset=\"https:\/\/linitiative.ca\/International\/wp-content\/uploads\/sites\/23\/2022\/07\/Gabriel-Zabo-pendant-la-conference-de-presse.jpeg 710w, https:\/\/www.journalducameroun.com\/wp-content\/uploads\/2022\/07\/Gabriel-Zabo-pendant-la-conference-de-presse-300x193.jpeg 300w, https:\/\/www.journalducameroun.com\/wp-content\/uploads\/2022\/07\/Gabriel-Zabo-pendant-la-conference-de-presse-685x440.jpeg 685w, https:\/\/www.journalducameroun.com\/wp-content\/uploads\/2022\/07\/Gabriel-Zabo-pendant-la-conference-de-presse-600x385.jpeg 600w\" sizes=\"auto, (max-width: 710px) 100vw, 710px\"><\/p>\n<h2 style=\"text-align: justify;\"><strong>En conf\u00e9rence de presse, le s\u00e9lectionneur des Lionnes indomptables a expliqu\u00e9 qu\u2019une autre comp\u00e9tition va d\u00e9marrer pour ses joueuses. \u00a0<\/strong><\/h2>\n<p style=\"text-align: justify;\"><strong>Coach, dites-nous ce que vous pensez du match, du r\u00e9sultat et de la qualification et du second tour?<\/strong><\/p>\n<p style=\"text-align: justify;\">Merci, je suis satisfait du r\u00e9sultat, il fallait le gagner, les matches ne sont pas faciles et j\u2019avais vu cela. La preuve nous avons marqu\u00e9 le deuxi\u00e8me but en toute fin de rencontre. C\u2019\u00e9tait un bon match, je suis satisfait, le plus dur commence.<\/p>\n<p style=\"text-align: justify;\"><strong>On a vu des Camerounaises compl\u00e8tement diff\u00e9rentes ce soir, qu\u2019est-ce qui explique cela?<\/strong><\/p>\n<p style=\"text-align: justify;\">Vous savez nous \u00e9tions dos au mur. Et le Lion n\u2019aime pas \u00eatre bless\u00e9, \u00e7a s\u2019est jou\u00e9 au niveau de l\u2019\u00e9tat d\u2019esprit. Et il \u00e9tait question que nous nous qualifions, maintenant il y a eu des retouches tactiques, mais nous sommes interpell\u00e9s par le bon r\u00e9sultat. Pour arriver au bout, il faudrait qu\u2019on soit performants. J\u2019ai un groupe qui est comp\u00e9titif, il y a des jeunes \u00e0 l\u2019int\u00e9rieur et nous sommes int\u00e9ress\u00e9es \u00e0 progresser \u00e0 chaque fois.<\/p>\n<p style=\"text-align: justify;\"><strong>Comment expliquez-vous cette victoire par rapport aux deux pr\u00e9c\u00e9dents matches?<\/strong><\/p>\n<p style=\"text-align: justify;\">C\u2019est une victoire du c\u0153ur, une victoire de l\u2019\u00e9tat d\u2019esprit, du groupe, mais nous avons un peu de chance par rapport aux deux autres matches. Lors \u00a0des deux autres matches, on aurait aim\u00e9 les gagner. Je vous ai toujours dit que nous allons provoquer cette chance, nous l\u2019avons provoqu\u00e9 aujourd\u2019hui et on l\u2019a eu, Dieu merci.\u00a0 Je dis que cette victoire est \u00e0 mettre \u00e0 l\u2019actif des joueuses qui sont parties puiser au fond d\u2019elles-m\u00eames. Je pense qu\u2019elles voulaient et le m\u00e9rite leur revient.<\/p>\n<p style=\"text-align: justify;\"><strong>Vos joueuses se r\u00e9v\u00e8lent enfin, nous avons vu de vrais leaders sur le terrain, \u00e0 l\u2019image du duo Mbeleck-Abam, quel a \u00e9t\u00e9 votre discours pour remobiliser vos troupes ?<\/strong><\/p>\n<p style=\"text-align: justify;\">Maintenant c\u2019est une autre comp\u00e9tition qui commence, on appelle cela chez nous\u00a0<em>\u00ab\u00a0le un but sort\u00a0\u00bb<\/em>. Laissez-nous savourer notre qualification elle a \u00e9t\u00e9 p\u00e9nible. Maintenant on a quelques heures pour savourer,\u00a0 apr\u00e8s on va se remettre au travail. Nous aurons un adversaire de taille \u00e0 jouer et nous savons ce qui nous reste \u00e0 faire pour se qualifier. Il nous reste trois matches \u00e0 jouer et nous allons jouer les trois matches.<\/p>\n<p style=\"text-align: justify;\">Ecoutez, vous savez les leaders savent ce qu\u2019elles ont dire. Elles ont jou\u00e9 leurs r\u00f4les de grandes s\u0153urs et de leaders, elles ont remobilis\u00e9 la troupe. Et nous \u00e9galement on leur a fait savoir que le Cameroun dans une Coupe d\u2019Afrique ne m\u00e9rite pas de sortir au premier tour. Maintenant, il revenait aux leaders de se dire que ce niveau n\u2019est pas le leur, il fallait se remobiliser. Je pense qu\u2019elles ont multipli\u00e9 les r\u00e9unions entre elles et nous \u00e9galement on a essay\u00e9 de causer avec elles de fa\u00e7on individuelle et\u00a0 collective. Je pense que c\u2019est la somme de toutes ces concertions qui ont donn\u00e9 ce r\u00e9sultat aujourd\u2019hui. Il y avait un bel \u00e9tat d\u2019esprit.<\/p>\n<p style=\"text-align: justify;\"><strong>Vous pourriez potentiellement rencontrer le Maroc pays organisateur comment comptez-vous aborder ce match?<\/strong><\/p>\n<p style=\"text-align: justify;\">Je ne suis pas s\u00fbr que ce soit le Maroc, mais m\u00eame si c\u2019est le Maroc, je ne pense pas qu\u2019\u00e0 ce niveau on n&rsquo;a\u00a0 de choix d\u2019adversaire \u00e0 faire. Si nous voulons arriver au bout de notre objectif, peu importe l\u2019adversaire qui va se pr\u00e9senter, \u00a0nous sommes oblig\u00e9s d\u2019aller chercher la qualification. Nous les avons vu jouer et nous les avons \u00e9tudi\u00e9, maintenant on a notre force qu\u2019on va mettre en ex\u00e9cution. Nous sommes int\u00e9ress\u00e9s par un bon r\u00e9sultat peu importe l\u2019adversaire.<\/p>\n<p style=\"text-align: justify;\">\n<p style=\"text-align: justify;\">\n<p>Cet article <a rel=\"nofollow\" href=\"https:\/\/www.journalducameroun.com\/gabriel-zabo-le-cameroun-doit-etre-tres-performant-en-quart-de-finale\/\">Gabriel Zabo : \u00able Cameroun doit \u00eatre tr\u00e8s performant en quart de finale \u00bb<\/a> est apparu en premier sur <a rel=\"nofollow\" href=\"https:\/\/www.journalducameroun.com\/\">Journal du Cameroun<\/a>.<\/p>\n<\/div>\n<p>Auteur: Emile Zola Nd\u00e9 Tchoussi<br \/>\n<a href=\"https:\/\/www.journalducameroun.com\/gabriel-zabo-le-cameroun-doit-etre-tres-performant-en-quart-de-finale\/\">Cliquez ici pour lire l&rsquo;article depuis sa source.<\/a><\/p>\n","protected":false},"excerpt":{"rendered":"<p>En conf\u00e9rence de presse, le s\u00e9lectionneur des Lionnes indomptables a expliqu\u00e9 qu\u2019une autre comp\u00e9tition va d\u00e9marrer pour ses joueuses. \u00a0 Coach, dites-nous ce que vous pensez du match, du r\u00e9sultat et de la qualification et du second tour? Merci, je suis satisfait du r\u00e9sultat, il fallait le gagner, les matches ne sont pas faciles et [&hellip;]<\/p>\n","protected":false},"author":1965,"featured_media":0,"comment_status":"closed","ping_status":"closed","sticky":false,"template":"","format":"standard","meta":{"fifu_image_url":"https:\/\/www.journalducameroun.com\/wp-content\/uploads\/2022\/07\/Gabriel-Zabo-pendant-la-conference-de-presse.jpeg","fifu_image_alt":"Gabriel Zabo : \u00able Cameroun doit \u00eatre tr\u00e8s performant en quart de finale \u00bb","footnotes":""},"categories":[73,82],"tags":[],"class_list":["post-152204","post","type-post","status-publish","format-standard","hentry","category-actualite","category-cameroun"],"_links":{"self":[{"href":"https:\/\/linitiative.ca\/International\/wp-json\/wp\/v2\/posts\/152204","targetHints":{"allow":["GET"]}}],"collection":[{"href":"https:\/\/linitiative.ca\/International\/wp-json\/wp\/v2\/posts"}],"about":[{"href":"https:\/\/linitiative.ca\/International\/wp-json\/wp\/v2\/types\/post"}],"author":[{"embeddable":true,"href":"https:\/\/linitiative.ca\/International\/wp-json\/wp\/v2\/users\/1965"}],"replies":[{"embeddable":true,"href":"https:\/\/linitiative.ca\/International\/wp-json\/wp\/v2\/comments?post=152204"}],"version-history":[{"count":0,"href":"https:\/\/linitiative.ca\/International\/wp-json\/wp\/v2\/posts\/152204\/revisions"}],"wp:attachment":[{"href":"https:\/\/linitiative.ca\/International\/wp-json\/wp\/v2\/media?parent=152204"}],"wp:term":[{"taxonomy":"category","embeddable":true,"href":"https:\/\/linitiative.ca\/International\/wp-json\/wp\/v2\/categories?post=152204"},{"taxonomy":"post_tag","embeddable":true,"href":"https:\/\/linitiative.ca\/International\/wp-json\/wp\/v2\/tags?post=152204"}],"curies":[{"name":"wp","href":"https:\/\/api.w.org\/{rel}","templated":true}]}}