{"id":152213,"date":"2022-07-11T11:03:52","date_gmt":"2022-07-11T15:03:52","guid":{"rendered":"https:\/\/linitiative.ca\/International\/caf-awards-2022-achraf-hakimi-sur-la-liste-des-nomines-pour-le-meilleur-joueur-africain\/"},"modified":"2022-07-11T11:03:52","modified_gmt":"2022-07-11T15:03:52","slug":"caf-awards-2022-achraf-hakimi-sur-la-liste-des-nomines-pour-le-meilleur-joueur-africain","status":"publish","type":"post","link":"https:\/\/linitiative.ca\/International\/caf-awards-2022-achraf-hakimi-sur-la-liste-des-nomines-pour-le-meilleur-joueur-africain\/","title":{"rendered":"CAF Awards 2022: Achraf Hakimi sur la liste des nomin\u00e9s pour le meilleur joueur africain"},"content":{"rendered":"<div>\n<p><img decoding=\"async\" width=\"300\" height=\"153\" src=\"https:\/\/linitiative.ca\/International\/wp-content\/uploads\/sites\/23\/2022\/07\/Achraf-Hakimi-300x153-1.jpg\" class=\"attachment-medium size-medium wp-post-image\" alt=\"\" loading=\"lazy\" srcset=\"https:\/\/linitiative.ca\/International\/wp-content\/uploads\/sites\/23\/2022\/07\/Achraf-Hakimi-300x153-1.jpg 300w, https:\/\/aujourdhui.ma\/wp-content\/uploads\/2021\/12\/Achraf-Hakimi-274x140.jpg 274w, https:\/\/aujourdhui.ma\/wp-content\/uploads\/2021\/12\/Achraf-Hakimi.jpg 746w, https:\/\/aujourdhui.ma\/wp-content\/uploads\/2021\/12\/Achraf-Hakimi-165x84.jpg 165w, https:\/\/aujourdhui.ma\/wp-content\/uploads\/2021\/12\/Achraf-Hakimi-702x358.jpg 702w\" sizes=\"auto, (max-width: 300px) 100vw, 300px\"><\/p>\n<div dir=\"auto\">L\u2019international marocain et soci\u00e9taire du PSG, Achraf Hakimi, figure dans la liste restreinte des nomin\u00e9s pour la cat\u00e9gorie du meilleur joueur africain des CAF Awards 2022, d\u00e9voil\u00e9e lundi par la Conf\u00e9d\u00e9ration africaine de football (CAF).<\/div>\n<p><span id=\"more-412859\"><\/span><\/p>\n<div dir=\"auto\">La liste du meilleur joueur africain des CAF Awards 2022, dont la c\u00e9r\u00e9monie aura lieu le 21 juillet courant \u00e0 Rabat au Maroc, comprend \u00e9galement le joueur africain de l\u2019ann\u00e9e 2019, le S\u00e9n\u00e9galais Sadio Mane (Bayern Munich), l\u2019Alg\u00e9rien Riyad Mahrez (Manchester City) et l\u2019\u00c9gyptien Mohamed Salah (Liverpool), entre autres.<\/div>\n<div dir=\"auto\">Elle comprend aussi les Camerounais Karl Toko Ekambi (Olympique Lyonnais) et Vincent Aboubacar (Al-Nasr d\u2019Arabie Saoudite), l\u2019Ivoirien S\u00e9bastien Haller (Ajax), le Guin\u00e9en Naby Keita (Liverpool) et les S\u00e9n\u00e9galais Edward Mendy (Chelsea) et Kalidou Koulibaly (Napoli).<\/div>\n<div dir=\"auto\">Les cat\u00e9gories joueur de l\u2019ann\u00e9e et joueur interclubs de l\u2019ann\u00e9e ont 10 nomin\u00e9s chacune, tandis que celles de jeune joueur de l\u2019ann\u00e9e, d\u2019entra\u00eeneur de l\u2019ann\u00e9e, d\u2019\u00e9quipe nationale de l\u2019ann\u00e9e et de club de l\u2019ann\u00e9e ont cinq (5) nomin\u00e9s chacune.<\/div>\n<div dir=\"auto\">L\u2019entra\u00eeneur bosniaque Vahid Halilhodzic, coach de l\u2019\u00e9quipe nationale marocaine, a \u00e9t\u00e9 \u00e9limin\u00e9 de la liste finale pour le prix du meilleur entra\u00eeneur d\u2019Afrique, apr\u00e8s avoir \u00e9t\u00e9 retenu dans la liste pr\u00e9liminaire.<\/div>\n<div dir=\"auto\">Dans cette cat\u00e9gorie, l\u2019une des plus disput\u00e9es au niveau du continent, Walid Regragui, Aliou Ciss\u00e9, Pitso Mosimane, Carlos Queiroz et Tom Saintfiet sont les finalistes.<\/div>\n<div dir=\"auto\">La liste des nomin\u00e9s pour le prix du meilleur joueur du continent comprend dix joueurs, dont le trio du Wydad Casablanca Achraf Dari, Zouhair Al-Matraji et Yahya Jebran.<\/div>\n<div dir=\"auto\">Le Wydad et la RS Berkane sont \u00e9galement en comp\u00e9tition pour le prix du meilleur club africain, aux c\u00f4t\u00e9s d\u2019Al-Ahly d\u2019\u00c9gypte, de Petro Atletico d\u2019Angola et d\u2019Orlando Pirates d\u2019Afrique du Sud.<\/div>\n<div dir=\"auto\">Les r\u00e9cipiendaires des CAF Awards seront d\u00e9sign\u00e9s par un jury compos\u00e9 de la Commission technique de la CAF, de professionnels des m\u00e9dias, d\u2019entra\u00eeneurs et de capitaines d\u2019associations membres et aussi de clubs impliqu\u00e9s dans la phase de groupes des comp\u00e9titions interclubs pour la saison 2021\/2022.<\/div>\n<div dir=\"auto\"><\/div>\n<\/div>\n<p>Auteur: ALM<br \/>\n<a href=\"https:\/\/aujourdhui.ma\/une\/caf-awards-2022-achraf-hakimi-sur-la-liste-des-nomines-pour-le-meilleur-joueur-africain\">Cliquez ici pour lire l&rsquo;article depuis sa source.<\/a><\/p>\n","protected":false},"excerpt":{"rendered":"<p>L\u2019international marocain et soci\u00e9taire du PSG, Achraf Hakimi, figure dans la liste restreinte des nomin\u00e9s pour la cat\u00e9gorie du meilleur joueur africain des CAF Awards 2022, d\u00e9voil\u00e9e lundi par la Conf\u00e9d\u00e9ration africaine de football (CAF). La liste du meilleur joueur africain des CAF Awards 2022, dont la c\u00e9r\u00e9monie aura lieu le 21 juillet courant \u00e0 [&hellip;]<\/p>\n","protected":false},"author":1759,"featured_media":0,"comment_status":"closed","ping_status":"closed","sticky":false,"template":"","format":"standard","meta":{"fifu_image_url":"https:\/\/aujourdhui.ma\/wp-content\/uploads\/2021\/12\/Achraf-Hakimi-300x153.jpg","fifu_image_alt":"CAF Awards 2022: Achraf Hakimi sur la liste des nomin\u00e9s pour le meilleur joueur africain","footnotes":""},"categories":[73,54],"tags":[],"class_list":["post-152213","post","type-post","status-publish","format-standard","hentry","category-actualite","category-maroc"],"_links":{"self":[{"href":"https:\/\/linitiative.ca\/International\/wp-json\/wp\/v2\/posts\/152213","targetHints":{"allow":["GET"]}}],"collection":[{"href":"https:\/\/linitiative.ca\/International\/wp-json\/wp\/v2\/posts"}],"about":[{"href":"https:\/\/linitiative.ca\/International\/wp-json\/wp\/v2\/types\/post"}],"author":[{"embeddable":true,"href":"https:\/\/linitiative.ca\/International\/wp-json\/wp\/v2\/users\/1759"}],"replies":[{"embeddable":true,"href":"https:\/\/linitiative.ca\/International\/wp-json\/wp\/v2\/comments?post=152213"}],"version-history":[{"count":0,"href":"https:\/\/linitiative.ca\/International\/wp-json\/wp\/v2\/posts\/152213\/revisions"}],"wp:attachment":[{"href":"https:\/\/linitiative.ca\/International\/wp-json\/wp\/v2\/media?parent=152213"}],"wp:term":[{"taxonomy":"category","embeddable":true,"href":"https:\/\/linitiative.ca\/International\/wp-json\/wp\/v2\/categories?post=152213"},{"taxonomy":"post_tag","embeddable":true,"href":"https:\/\/linitiative.ca\/International\/wp-json\/wp\/v2\/tags?post=152213"}],"curies":[{"name":"wp","href":"https:\/\/api.w.org\/{rel}","templated":true}]}}