{"id":152219,"date":"2022-07-11T05:44:27","date_gmt":"2022-07-11T09:44:27","guid":{"rendered":"https:\/\/linitiative.ca\/International\/document-la-douane-publie-le-recueil-des-circulaires-emises-au-2e-trimestre-2022\/"},"modified":"2022-07-11T05:44:27","modified_gmt":"2022-07-11T09:44:27","slug":"document-la-douane-publie-le-recueil-des-circulaires-emises-au-2e-trimestre-2022","status":"publish","type":"post","link":"https:\/\/linitiative.ca\/International\/document-la-douane-publie-le-recueil-des-circulaires-emises-au-2e-trimestre-2022\/","title":{"rendered":"DOCUMENT- La Douane publie le recueil des circulaires \u00e9mises au 2e trimestre 2022"},"content":{"rendered":"<div>\n<div class=\"field field-name-body field-type-text-with-summary field-label-hidden\">\n<div class=\"field-items\">\n<div class=\"field-item even\" property=\"content:encoded\">\n<p class=\"rtejustify\">L&rsquo;Administration des Douanes et Imp\u00f4ts Indirects (ADII) vient de publier le recueil des circulaires \u00e9mises au 2e trimestre 2022. Le document\u00a0comprend 35 circulaires \u00e9mises se rapportant \u00e0 diff\u00e9rentes th\u00e9matiques. 13 portent sur les droits et textes, alors que les autres\u00a0circulaires \u00e9mises se rapportent notamment \u00e0 la comptabilit\u00e9, au contr\u00f4le des changes, \u00e0 la coop\u00e9ration internationale et aux concours et autres services.<\/p>\n<\/div>\n<\/div>\n<\/div>\n<\/div>\n<p>Auteur: hgueye<br \/>\n<a href=\"https:\/\/www.leconomiste.com\/flash-infos\/document-la-douane-publie-le-recueil-des-circulaires-emises-au-2e-trimestre-2022\">Cliquez ici pour lire l&rsquo;article depuis sa source.<\/a><\/p>\n","protected":false},"excerpt":{"rendered":"<p>L&rsquo;Administration des Douanes et Imp\u00f4ts Indirects (ADII) vient de publier le recueil des circulaires \u00e9mises au 2e trimestre 2022. Le document\u00a0comprend 35 circulaires \u00e9mises se rapportant \u00e0 diff\u00e9rentes th\u00e9matiques. 13 portent sur les droits et textes, alors que les autres\u00a0circulaires \u00e9mises se rapportent notamment \u00e0 la comptabilit\u00e9, au contr\u00f4le des changes, \u00e0 la coop\u00e9ration internationale [&hellip;]<\/p>\n","protected":false},"author":1763,"featured_media":0,"comment_status":"closed","ping_status":"closed","sticky":false,"template":"","format":"standard","meta":{"fifu_image_url":"","fifu_image_alt":"","footnotes":""},"categories":[78,54],"tags":[],"class_list":["post-152219","post","type-post","status-publish","format-standard","hentry","category-economie","category-maroc"],"_links":{"self":[{"href":"https:\/\/linitiative.ca\/International\/wp-json\/wp\/v2\/posts\/152219","targetHints":{"allow":["GET"]}}],"collection":[{"href":"https:\/\/linitiative.ca\/International\/wp-json\/wp\/v2\/posts"}],"about":[{"href":"https:\/\/linitiative.ca\/International\/wp-json\/wp\/v2\/types\/post"}],"author":[{"embeddable":true,"href":"https:\/\/linitiative.ca\/International\/wp-json\/wp\/v2\/users\/1763"}],"replies":[{"embeddable":true,"href":"https:\/\/linitiative.ca\/International\/wp-json\/wp\/v2\/comments?post=152219"}],"version-history":[{"count":0,"href":"https:\/\/linitiative.ca\/International\/wp-json\/wp\/v2\/posts\/152219\/revisions"}],"wp:attachment":[{"href":"https:\/\/linitiative.ca\/International\/wp-json\/wp\/v2\/media?parent=152219"}],"wp:term":[{"taxonomy":"category","embeddable":true,"href":"https:\/\/linitiative.ca\/International\/wp-json\/wp\/v2\/categories?post=152219"},{"taxonomy":"post_tag","embeddable":true,"href":"https:\/\/linitiative.ca\/International\/wp-json\/wp\/v2\/tags?post=152219"}],"curies":[{"name":"wp","href":"https:\/\/api.w.org\/{rel}","templated":true}]}}