{"id":152222,"date":"2022-07-11T03:59:00","date_gmt":"2022-07-11T07:59:00","guid":{"rendered":"https:\/\/linitiative.ca\/International\/real-vinicius-jr-avait-prevenu-ses-coequipiers-pour-mbappe\/"},"modified":"2022-07-11T03:59:00","modified_gmt":"2022-07-11T07:59:00","slug":"real-vinicius-jr-avait-prevenu-ses-coequipiers-pour-mbappe","status":"publish","type":"post","link":"https:\/\/linitiative.ca\/International\/real-vinicius-jr-avait-prevenu-ses-coequipiers-pour-mbappe\/","title":{"rendered":"Real : Vinicius Jr avait pr\u00e9venu ses co\u00e9quipiers pour Mbapp\u00e9"},"content":{"rendered":"<div>Kylian Mbapp\u00e9 a finalement d\u00e9cid\u00e9 d\u2019\u00e9tendre son contrat avec le PSG apr\u00e8s avoir longtemps \u00e9t\u00e9 annonc\u00e9 comme une recrue phare du Real Madrid<\/div>\n<p>Auteur:<br \/>\n<a href=\"https:\/\/www.lebuteur.com\/article\/detail?titre=real-vinicius-jr-avait-prevenu-ses-coequipiers-pour-mbappe&#038;id=103111\">Cliquez ici pour lire l&rsquo;article depuis sa source.<\/a><\/p>\n","protected":false},"excerpt":{"rendered":"<p>Kylian Mbapp\u00e9 a finalement d\u00e9cid\u00e9 d\u2019\u00e9tendre son contrat avec le PSG apr\u00e8s avoir longtemps \u00e9t\u00e9 annonc\u00e9 comme une recrue phare du Real Madrid Auteur: Cliquez ici pour lire l&rsquo;article depuis sa source.<\/p>\n","protected":false},"author":1738,"featured_media":0,"comment_status":"closed","ping_status":"closed","sticky":false,"template":"","format":"standard","meta":{"fifu_image_url":"","fifu_image_alt":"","footnotes":""},"categories":[53,75],"tags":[],"class_list":["post-152222","post","type-post","status-publish","format-standard","hentry","category-algerie","category-sport"],"_links":{"self":[{"href":"https:\/\/linitiative.ca\/International\/wp-json\/wp\/v2\/posts\/152222","targetHints":{"allow":["GET"]}}],"collection":[{"href":"https:\/\/linitiative.ca\/International\/wp-json\/wp\/v2\/posts"}],"about":[{"href":"https:\/\/linitiative.ca\/International\/wp-json\/wp\/v2\/types\/post"}],"author":[{"embeddable":true,"href":"https:\/\/linitiative.ca\/International\/wp-json\/wp\/v2\/users\/1738"}],"replies":[{"embeddable":true,"href":"https:\/\/linitiative.ca\/International\/wp-json\/wp\/v2\/comments?post=152222"}],"version-history":[{"count":0,"href":"https:\/\/linitiative.ca\/International\/wp-json\/wp\/v2\/posts\/152222\/revisions"}],"wp:attachment":[{"href":"https:\/\/linitiative.ca\/International\/wp-json\/wp\/v2\/media?parent=152222"}],"wp:term":[{"taxonomy":"category","embeddable":true,"href":"https:\/\/linitiative.ca\/International\/wp-json\/wp\/v2\/categories?post=152222"},{"taxonomy":"post_tag","embeddable":true,"href":"https:\/\/linitiative.ca\/International\/wp-json\/wp\/v2\/tags?post=152222"}],"curies":[{"name":"wp","href":"https:\/\/api.w.org\/{rel}","templated":true}]}}