{"id":152223,"date":"2022-07-11T06:37:00","date_gmt":"2022-07-11T10:37:00","guid":{"rendered":"https:\/\/linitiative.ca\/International\/man-united-ten-hag-evoque-la-situation-de-ronaldo\/"},"modified":"2022-07-11T06:37:00","modified_gmt":"2022-07-11T10:37:00","slug":"man-united-ten-hag-evoque-la-situation-de-ronaldo","status":"publish","type":"post","link":"https:\/\/linitiative.ca\/International\/man-united-ten-hag-evoque-la-situation-de-ronaldo\/","title":{"rendered":"Man United : Ten Hag \u00e9voque la situation de Ronaldo"},"content":{"rendered":"<div>Alors que Cristiano Ronaldo souhaiterait d\u00e9j\u00e0 quitter Manchester United, Erik ten Hag a mis les choses au clair sur la situation du Portugais&#8230;<\/div>\n<p>Auteur:<br \/>\n<a href=\"https:\/\/www.lebuteur.com\/article\/detail?titre=man-united-ten-hag-evoque-la-situation-de-ronaldo&#038;id=103112\">Cliquez ici pour lire l&rsquo;article depuis sa source.<\/a><\/p>\n","protected":false},"excerpt":{"rendered":"<p>Alors que Cristiano Ronaldo souhaiterait d\u00e9j\u00e0 quitter Manchester United, Erik ten Hag a mis les choses au clair sur la situation du Portugais&#8230; Auteur: Cliquez ici pour lire l&rsquo;article depuis sa source.<\/p>\n","protected":false},"author":1738,"featured_media":0,"comment_status":"closed","ping_status":"closed","sticky":false,"template":"","format":"standard","meta":{"fifu_image_url":"","fifu_image_alt":"","footnotes":""},"categories":[53,75],"tags":[],"class_list":["post-152223","post","type-post","status-publish","format-standard","hentry","category-algerie","category-sport"],"_links":{"self":[{"href":"https:\/\/linitiative.ca\/International\/wp-json\/wp\/v2\/posts\/152223","targetHints":{"allow":["GET"]}}],"collection":[{"href":"https:\/\/linitiative.ca\/International\/wp-json\/wp\/v2\/posts"}],"about":[{"href":"https:\/\/linitiative.ca\/International\/wp-json\/wp\/v2\/types\/post"}],"author":[{"embeddable":true,"href":"https:\/\/linitiative.ca\/International\/wp-json\/wp\/v2\/users\/1738"}],"replies":[{"embeddable":true,"href":"https:\/\/linitiative.ca\/International\/wp-json\/wp\/v2\/comments?post=152223"}],"version-history":[{"count":0,"href":"https:\/\/linitiative.ca\/International\/wp-json\/wp\/v2\/posts\/152223\/revisions"}],"wp:attachment":[{"href":"https:\/\/linitiative.ca\/International\/wp-json\/wp\/v2\/media?parent=152223"}],"wp:term":[{"taxonomy":"category","embeddable":true,"href":"https:\/\/linitiative.ca\/International\/wp-json\/wp\/v2\/categories?post=152223"},{"taxonomy":"post_tag","embeddable":true,"href":"https:\/\/linitiative.ca\/International\/wp-json\/wp\/v2\/tags?post=152223"}],"curies":[{"name":"wp","href":"https:\/\/api.w.org\/{rel}","templated":true}]}}