{"id":152224,"date":"2022-07-11T07:39:00","date_gmt":"2022-07-11T11:39:00","guid":{"rendered":"https:\/\/linitiative.ca\/International\/mahrez-dans-la-liste-reduite-pour-le-titre-de-meilleur-joueur-africain-de-lannee\/"},"modified":"2022-07-11T07:39:00","modified_gmt":"2022-07-11T11:39:00","slug":"mahrez-dans-la-liste-reduite-pour-le-titre-de-meilleur-joueur-africain-de-lannee","status":"publish","type":"post","link":"https:\/\/linitiative.ca\/International\/mahrez-dans-la-liste-reduite-pour-le-titre-de-meilleur-joueur-africain-de-lannee\/","title":{"rendered":"Mahrez dans la liste r\u00e9duite pour le titre de meilleur joueur africain de l&rsquo;ann\u00e9e"},"content":{"rendered":"<div>Ils \u00e9taient 30, il n&rsquo;en reste plus que dix. Ce lundi, la CAF a d\u00e9voil\u00e9 la liste des 10 footballeurs en lice pour le titre de meilleur joueur de l&rsquo;ann\u00e9e 2022<\/div>\n<p>Auteur:<br \/>\n<a href=\"https:\/\/www.lebuteur.com\/article\/detail?titre=mahrez-dans-la-liste-reduite-pour-le-titre-de-meilleur-joueur-africain-de-lannee&#038;id=103113\">Cliquez ici pour lire l&rsquo;article depuis sa source.<\/a><\/p>\n","protected":false},"excerpt":{"rendered":"<p>Ils \u00e9taient 30, il n&rsquo;en reste plus que dix. Ce lundi, la CAF a d\u00e9voil\u00e9 la liste des 10 footballeurs en lice pour le titre de meilleur joueur de l&rsquo;ann\u00e9e 2022 Auteur: Cliquez ici pour lire l&rsquo;article depuis sa source.<\/p>\n","protected":false},"author":1738,"featured_media":0,"comment_status":"closed","ping_status":"closed","sticky":false,"template":"","format":"standard","meta":{"fifu_image_url":"","fifu_image_alt":"","footnotes":""},"categories":[53,75],"tags":[],"class_list":["post-152224","post","type-post","status-publish","format-standard","hentry","category-algerie","category-sport"],"_links":{"self":[{"href":"https:\/\/linitiative.ca\/International\/wp-json\/wp\/v2\/posts\/152224","targetHints":{"allow":["GET"]}}],"collection":[{"href":"https:\/\/linitiative.ca\/International\/wp-json\/wp\/v2\/posts"}],"about":[{"href":"https:\/\/linitiative.ca\/International\/wp-json\/wp\/v2\/types\/post"}],"author":[{"embeddable":true,"href":"https:\/\/linitiative.ca\/International\/wp-json\/wp\/v2\/users\/1738"}],"replies":[{"embeddable":true,"href":"https:\/\/linitiative.ca\/International\/wp-json\/wp\/v2\/comments?post=152224"}],"version-history":[{"count":0,"href":"https:\/\/linitiative.ca\/International\/wp-json\/wp\/v2\/posts\/152224\/revisions"}],"wp:attachment":[{"href":"https:\/\/linitiative.ca\/International\/wp-json\/wp\/v2\/media?parent=152224"}],"wp:term":[{"taxonomy":"category","embeddable":true,"href":"https:\/\/linitiative.ca\/International\/wp-json\/wp\/v2\/categories?post=152224"},{"taxonomy":"post_tag","embeddable":true,"href":"https:\/\/linitiative.ca\/International\/wp-json\/wp\/v2\/tags?post=152224"}],"curies":[{"name":"wp","href":"https:\/\/api.w.org\/{rel}","templated":true}]}}