{"id":152227,"date":"2022-07-11T05:00:00","date_gmt":"2022-07-11T09:00:00","guid":{"rendered":"https:\/\/linitiative.ca\/International\/apres-11-ans-dexil-volontaire-mezri-haddad-rentre-a-tunis-et-presente-ses-trois-livres-recents\/"},"modified":"2022-07-11T05:00:00","modified_gmt":"2022-07-11T09:00:00","slug":"apres-11-ans-dexil-volontaire-mezri-haddad-rentre-a-tunis-et-presente-ses-trois-livres-recents","status":"publish","type":"post","link":"https:\/\/linitiative.ca\/International\/apres-11-ans-dexil-volontaire-mezri-haddad-rentre-a-tunis-et-presente-ses-trois-livres-recents\/","title":{"rendered":"Apr\u00e8s 11 ans d\u2019exil volontaire, Mezri Haddad rentre \u00e0 Tunis et pr\u00e9sente ses trois livres r\u00e9cents"},"content":{"rendered":"<div><img decoding=\"async\" src=\"https:\/\/linitiative.ca\/International\/wp-content\/uploads\/sites\/23\/2022\/07\/1657533820_article.jpg\" alt=\"Apr\u00e8s 11 ans d\u2019exil volontaire, Mezri Haddad rentre \u00e0 Tunis pr\u00e9senter ses trois livres r\u00e9cents\" align=\"left\">Pourquoi a-t-il choisi ce moment pr\u00e9cis ? Quelles sont ses futures intentions\u00a0? Va-t-il reprendre ses activit\u00e9s politiques\u00a0? Que pense -il de Ka\u00efs Sa\u00efed qu\u2019il a soutenu contre Nabil Karoui et de la nouvelle constitution que le pr\u00e9sident pr\u00e9conise\u00a0? Mezri Haddad, penseur, essayiste, ancien ambassadeur repr\u00e9sentant permanent de Tunisie aupr\u00e8s de l\u2019Unesco est de retour en Tunisie. Il met ainsi fin \u00e0 11 ans d\u2019exil volontaire en France, \u00e0 la suite des \u00e9v\u00e9nements de janvier 2011 et de \u2018\u2019ses positions radicalement antir\u00e9volutionnaires qu\u2019il n\u2019a d\u2019ailleurs jamais voulu renier\u2019\u2019. Il profitera de son retour pour pr\u00e9senter et d\u00e9dicacer ses trois derniers livres &#8230;<\/p>\n<\/div>\n<p>Auteur:<br \/>\n<a href=\"https:\/\/www.leaders.com.tn\/article\/33595-apres-11-ans-d-exil-volontaire-mezri-haddad-rentre-a-tunis-presenter-ses-trois-livres-recents\">Cliquez ici pour lire l&rsquo;article depuis sa source.<\/a><\/p>\n","protected":false},"excerpt":{"rendered":"<p>Pourquoi a-t-il choisi ce moment pr\u00e9cis ? Quelles sont ses futures intentions\u00a0? Va-t-il reprendre ses activit\u00e9s politiques\u00a0? Que pense -il de Ka\u00efs Sa\u00efed qu\u2019il a soutenu contre Nabil Karoui et de la nouvelle constitution que le pr\u00e9sident pr\u00e9conise\u00a0? Mezri Haddad, penseur, essayiste, ancien ambassadeur repr\u00e9sentant permanent de Tunisie aupr\u00e8s de l\u2019Unesco est de retour en [&hellip;]<\/p>\n","protected":false},"author":1772,"featured_media":0,"comment_status":"closed","ping_status":"closed","sticky":false,"template":"","format":"standard","meta":{"fifu_image_url":"http:\/\/www.leaders.com.tn\/uploads\/content\/thumbnails_small\/1657533820_article.jpg","fifu_image_alt":"Apr\u00e8s 11 ans d\u2019exil volontaire, Mezri Haddad rentre \u00e0 Tunis et pr\u00e9sente ses trois livres r\u00e9cents","footnotes":""},"categories":[73,55],"tags":[],"class_list":["post-152227","post","type-post","status-publish","format-standard","hentry","category-actualite","category-tunisie"],"_links":{"self":[{"href":"https:\/\/linitiative.ca\/International\/wp-json\/wp\/v2\/posts\/152227","targetHints":{"allow":["GET"]}}],"collection":[{"href":"https:\/\/linitiative.ca\/International\/wp-json\/wp\/v2\/posts"}],"about":[{"href":"https:\/\/linitiative.ca\/International\/wp-json\/wp\/v2\/types\/post"}],"author":[{"embeddable":true,"href":"https:\/\/linitiative.ca\/International\/wp-json\/wp\/v2\/users\/1772"}],"replies":[{"embeddable":true,"href":"https:\/\/linitiative.ca\/International\/wp-json\/wp\/v2\/comments?post=152227"}],"version-history":[{"count":0,"href":"https:\/\/linitiative.ca\/International\/wp-json\/wp\/v2\/posts\/152227\/revisions"}],"wp:attachment":[{"href":"https:\/\/linitiative.ca\/International\/wp-json\/wp\/v2\/media?parent=152227"}],"wp:term":[{"taxonomy":"category","embeddable":true,"href":"https:\/\/linitiative.ca\/International\/wp-json\/wp\/v2\/categories?post=152227"},{"taxonomy":"post_tag","embeddable":true,"href":"https:\/\/linitiative.ca\/International\/wp-json\/wp\/v2\/tags?post=152227"}],"curies":[{"name":"wp","href":"https:\/\/api.w.org\/{rel}","templated":true}]}}