{"id":152231,"date":"2022-07-11T08:32:00","date_gmt":"2022-07-11T12:32:00","guid":{"rendered":"https:\/\/linitiative.ca\/International\/les-archives-nationales-tunisiennes-passent-au-web\/"},"modified":"2022-07-11T08:32:00","modified_gmt":"2022-07-11T12:32:00","slug":"les-archives-nationales-tunisiennes-passent-au-web","status":"publish","type":"post","link":"https:\/\/linitiative.ca\/International\/les-archives-nationales-tunisiennes-passent-au-web\/","title":{"rendered":"Les Archives nationales tunisiennes passent au web"},"content":{"rendered":"<div><img decoding=\"async\" src=\"https:\/\/linitiative.ca\/International\/wp-content\/uploads\/sites\/23\/2022\/07\/1657534915_article.jpg\" alt=\"Les Archives nationales: Passent au web\" align=\"left\">Consulter \u00e0 distance des documents des Archives nationales est d\u00e9sormais possible. Gratuitement. Une plateforme d\u00e9di\u00e9e, b\u00e2tie autour d\u2019indexes facilitant le rep\u00e9rage, est quasiment finalis\u00e9e et mise en test. Elle sera accessible en ligne d\u2019ici le mois de septembre prochain. De plus, la collecte des documents et leur conservation ne se limiteront plus \u00e0 l\u2019\u00e9crit, aux photos et \u00e0 l\u2019audiovisuel. Le contenu des sites web officiels (pr\u00e9sidence de la R\u00e9publique, parlement, gouvernement, minist\u00e8res, organismes publics, etc.) est pris en charge. La conversion des microfilms s\u2019acc\u00e9l\u00e8re, tout comme la num\u00e9risation des fonds archiv\u00e9s. Une transition num\u00e9rique profonde &#8230;<\/p>\n<\/div>\n<p>Auteur:<br \/>\n<a href=\"https:\/\/www.leaders.com.tn\/article\/33596-les-archives-nationales-passent-au-web\">Cliquez ici pour lire l&rsquo;article depuis sa source.<\/a><\/p>\n","protected":false},"excerpt":{"rendered":"<p>Consulter \u00e0 distance des documents des Archives nationales est d\u00e9sormais possible. Gratuitement. Une plateforme d\u00e9di\u00e9e, b\u00e2tie autour d\u2019indexes facilitant le rep\u00e9rage, est quasiment finalis\u00e9e et mise en test. Elle sera accessible en ligne d\u2019ici le mois de septembre prochain. De plus, la collecte des documents et leur conservation ne se limiteront plus \u00e0 l\u2019\u00e9crit, aux [&hellip;]<\/p>\n","protected":false},"author":1772,"featured_media":0,"comment_status":"closed","ping_status":"closed","sticky":false,"template":"","format":"standard","meta":{"fifu_image_url":"http:\/\/www.leaders.com.tn\/uploads\/content\/thumbnails_small\/1657534915_article.jpg","fifu_image_alt":"Les Archives nationales tunisiennes passent au web","footnotes":""},"categories":[73,55],"tags":[],"class_list":["post-152231","post","type-post","status-publish","format-standard","hentry","category-actualite","category-tunisie"],"_links":{"self":[{"href":"https:\/\/linitiative.ca\/International\/wp-json\/wp\/v2\/posts\/152231","targetHints":{"allow":["GET"]}}],"collection":[{"href":"https:\/\/linitiative.ca\/International\/wp-json\/wp\/v2\/posts"}],"about":[{"href":"https:\/\/linitiative.ca\/International\/wp-json\/wp\/v2\/types\/post"}],"author":[{"embeddable":true,"href":"https:\/\/linitiative.ca\/International\/wp-json\/wp\/v2\/users\/1772"}],"replies":[{"embeddable":true,"href":"https:\/\/linitiative.ca\/International\/wp-json\/wp\/v2\/comments?post=152231"}],"version-history":[{"count":0,"href":"https:\/\/linitiative.ca\/International\/wp-json\/wp\/v2\/posts\/152231\/revisions"}],"wp:attachment":[{"href":"https:\/\/linitiative.ca\/International\/wp-json\/wp\/v2\/media?parent=152231"}],"wp:term":[{"taxonomy":"category","embeddable":true,"href":"https:\/\/linitiative.ca\/International\/wp-json\/wp\/v2\/categories?post=152231"},{"taxonomy":"post_tag","embeddable":true,"href":"https:\/\/linitiative.ca\/International\/wp-json\/wp\/v2\/tags?post=152231"}],"curies":[{"name":"wp","href":"https:\/\/api.w.org\/{rel}","templated":true}]}}