{"id":152233,"date":"2022-07-11T10:54:00","date_gmt":"2022-07-11T14:54:00","guid":{"rendered":"https:\/\/linitiative.ca\/International\/epson-offre-des-imprimantes-au-ministere-de-leducation\/"},"modified":"2022-07-11T10:54:00","modified_gmt":"2022-07-11T14:54:00","slug":"epson-offre-des-imprimantes-au-ministere-de-leducation","status":"publish","type":"post","link":"https:\/\/linitiative.ca\/International\/epson-offre-des-imprimantes-au-ministere-de-leducation\/","title":{"rendered":"Epson offre des imprimantes au minist\u00e8re de l&rsquo;\u00c9ducation"},"content":{"rendered":"<div><img decoding=\"async\" src=\"https:\/\/linitiative.ca\/International\/wp-content\/uploads\/sites\/23\/2022\/07\/1657547648_article.jpg\" alt=\"Epson offre des imprimantes au minist\u00e8re de l\" align=\"left\">Soutenant le minist\u00e8re de l\u2019\u00c9ducation dans la pr\u00e9paration de la rentr\u00e9e scolaire 2022-2023, Epson a offert 47 imprimantes de haute technologie aux \u00e9tablissements scolaires, d\u2019une valeur totale de 31 500 DT.\u00a0<br \/>\nCe don a \u00e9t\u00e9 remis au ministre de l\u2019Education nationale, M. Fethi Sellaouti, en pr\u00e9sence de Imen Gorrab, consultante d\u2019Epson Tunisie.<br \/>\nA cette occasion M. Fethi Sellaouti a tenu \u00e0 remercier Epson pour son soutien et sa contribution infaillible en faveur de la promotion de l\u2019\u00e9ducation surtout pour les enfants \u00e0 besoins sp\u00e9cifiques.<br \/>\nCette action s\u2019inscrit dans le cadre de la responsabilit\u00e9 soci\u00e9tale d\u2019Epson et dans la continuit\u00e9 de leurs efforts &#8230;<\/p>\n<\/div>\n<p>Auteur:<br \/>\n<a href=\"https:\/\/www.leaders.com.tn\/article\/33597-epson-offre-des-imprimantes-au-ministere-de-l-education\">Cliquez ici pour lire l&rsquo;article depuis sa source.<\/a><\/p>\n","protected":false},"excerpt":{"rendered":"<p>Soutenant le minist\u00e8re de l\u2019\u00c9ducation dans la pr\u00e9paration de la rentr\u00e9e scolaire 2022-2023, Epson a offert 47 imprimantes de haute technologie aux \u00e9tablissements scolaires, d\u2019une valeur totale de 31 500 DT.\u00a0 Ce don a \u00e9t\u00e9 remis au ministre de l\u2019Education nationale, M. Fethi Sellaouti, en pr\u00e9sence de Imen Gorrab, consultante d\u2019Epson Tunisie. A cette occasion [&hellip;]<\/p>\n","protected":false},"author":1772,"featured_media":0,"comment_status":"closed","ping_status":"closed","sticky":false,"template":"","format":"standard","meta":{"fifu_image_url":"http:\/\/www.leaders.com.tn\/uploads\/content\/thumbnails_small\/1657547648_article.jpg","fifu_image_alt":"<div>Epson offre des imprimantes au minist\u00e8re de l'\u00c9ducation<\/div>","footnotes":""},"categories":[73,55],"tags":[],"class_list":["post-152233","post","type-post","status-publish","format-standard","hentry","category-actualite","category-tunisie"],"_links":{"self":[{"href":"https:\/\/linitiative.ca\/International\/wp-json\/wp\/v2\/posts\/152233","targetHints":{"allow":["GET"]}}],"collection":[{"href":"https:\/\/linitiative.ca\/International\/wp-json\/wp\/v2\/posts"}],"about":[{"href":"https:\/\/linitiative.ca\/International\/wp-json\/wp\/v2\/types\/post"}],"author":[{"embeddable":true,"href":"https:\/\/linitiative.ca\/International\/wp-json\/wp\/v2\/users\/1772"}],"replies":[{"embeddable":true,"href":"https:\/\/linitiative.ca\/International\/wp-json\/wp\/v2\/comments?post=152233"}],"version-history":[{"count":0,"href":"https:\/\/linitiative.ca\/International\/wp-json\/wp\/v2\/posts\/152233\/revisions"}],"wp:attachment":[{"href":"https:\/\/linitiative.ca\/International\/wp-json\/wp\/v2\/media?parent=152233"}],"wp:term":[{"taxonomy":"category","embeddable":true,"href":"https:\/\/linitiative.ca\/International\/wp-json\/wp\/v2\/categories?post=152233"},{"taxonomy":"post_tag","embeddable":true,"href":"https:\/\/linitiative.ca\/International\/wp-json\/wp\/v2\/tags?post=152233"}],"curies":[{"name":"wp","href":"https:\/\/api.w.org\/{rel}","templated":true}]}}