{"id":152235,"date":"2022-07-11T13:30:00","date_gmt":"2022-07-11T17:30:00","guid":{"rendered":"https:\/\/linitiative.ca\/International\/lunion-europeenne-entre-vigilance-quant-au-processus-politique-en-tunisie-et-soutien-a-un-acquis-democratique-et-aux-reformes\/"},"modified":"2022-07-11T13:30:00","modified_gmt":"2022-07-11T17:30:00","slug":"lunion-europeenne-entre-vigilance-quant-au-processus-politique-en-tunisie-et-soutien-a-un-acquis-democratique-et-aux-reformes","status":"publish","type":"post","link":"https:\/\/linitiative.ca\/International\/lunion-europeenne-entre-vigilance-quant-au-processus-politique-en-tunisie-et-soutien-a-un-acquis-democratique-et-aux-reformes\/","title":{"rendered":"L&rsquo;Union europ\u00e9enne entre vigilance quant au processus politique en Tunisie et soutien \u00e0 un acquis d\u00e9mocratique et aux r\u00e9formes"},"content":{"rendered":"<div><img decoding=\"async\" src=\"https:\/\/linitiative.ca\/International\/wp-content\/uploads\/sites\/23\/2022\/07\/1657558006_article.jpg\" alt=\"L\" union europ entre vigilance quant au processus politique en tunisie et soutien un acquis d aux r align=\"left\">R\u00e9agissant pour la premi\u00e8re fois depuis la publication du projet de la nouvelle constitution, l\u2019Union europ\u00e9enne d\u00e9clare \u00ab\u00a0continuer \u00e0 suive de pr\u00e8s le processus politique (en Tunisie), y compris dans la p\u00e9riode pr\u00e9c\u00e9dant le vote du 25 juillet.\u00a0\u00bb Dans une d\u00e9claration attribu\u00e9e au Haut repr\u00e9sentant pour les Affaires \u00e9trang\u00e8res et la Politique de s\u00e9curit\u00e9, Josep Borrell, elle r\u00e9affirme sa solidarit\u00e9 avec le peuple tunisien \u00ab\u00a0dans cette phase importante\u00a0\u00bb. Aussi, elle \u00ab\u00a0prend note des pr\u00e9occupations exprim\u00e9es au sujet de l&rsquo;avant-projet publi\u00e9 le 30 juin et de son processus d&rsquo;\u00e9laboration\u00a0\u00bb.<br \/>\nL\u2019UE consid\u00e8re que\u00a0: \u00a0\u00bb Conform\u00e9ment aux commentaires formul\u00e9s pr\u00e9c\u00e9demment par &#8230;<\/p>\n<\/div>\n<p>Auteur:<br \/>\n<a href=\"https:\/\/www.leaders.com.tn\/article\/33598-l-union-europeenne-entre-vigilance-quant-au-processus-politique-en-tunisie-et-soutien-a-un-acquis-democratique-et-aux-reformes\">Cliquez ici pour lire l&rsquo;article depuis sa source.<\/a><\/p>\n","protected":false},"excerpt":{"rendered":"<p>R\u00e9agissant pour la premi\u00e8re fois depuis la publication du projet de la nouvelle constitution, l\u2019Union europ\u00e9enne d\u00e9clare \u00ab\u00a0continuer \u00e0 suive de pr\u00e8s le processus politique (en Tunisie), y compris dans la p\u00e9riode pr\u00e9c\u00e9dant le vote du 25 juillet.\u00a0\u00bb Dans une d\u00e9claration attribu\u00e9e au Haut repr\u00e9sentant pour les Affaires \u00e9trang\u00e8res et la Politique de s\u00e9curit\u00e9, Josep [&hellip;]<\/p>\n","protected":false},"author":1772,"featured_media":0,"comment_status":"closed","ping_status":"closed","sticky":false,"template":"","format":"standard","meta":{"fifu_image_url":"http:\/\/www.leaders.com.tn\/uploads\/content\/thumbnails_small\/1657558006_article.jpg","fifu_image_alt":"<div>L'Union europ\u00e9enne entre vigilance quant au processus politique en Tunisie et soutien \u00e0 un acquis d\u00e9mocratique et aux r\u00e9formes<\/div>","footnotes":""},"categories":[73,55],"tags":[],"class_list":["post-152235","post","type-post","status-publish","format-standard","hentry","category-actualite","category-tunisie"],"_links":{"self":[{"href":"https:\/\/linitiative.ca\/International\/wp-json\/wp\/v2\/posts\/152235","targetHints":{"allow":["GET"]}}],"collection":[{"href":"https:\/\/linitiative.ca\/International\/wp-json\/wp\/v2\/posts"}],"about":[{"href":"https:\/\/linitiative.ca\/International\/wp-json\/wp\/v2\/types\/post"}],"author":[{"embeddable":true,"href":"https:\/\/linitiative.ca\/International\/wp-json\/wp\/v2\/users\/1772"}],"replies":[{"embeddable":true,"href":"https:\/\/linitiative.ca\/International\/wp-json\/wp\/v2\/comments?post=152235"}],"version-history":[{"count":0,"href":"https:\/\/linitiative.ca\/International\/wp-json\/wp\/v2\/posts\/152235\/revisions"}],"wp:attachment":[{"href":"https:\/\/linitiative.ca\/International\/wp-json\/wp\/v2\/media?parent=152235"}],"wp:term":[{"taxonomy":"category","embeddable":true,"href":"https:\/\/linitiative.ca\/International\/wp-json\/wp\/v2\/categories?post=152235"},{"taxonomy":"post_tag","embeddable":true,"href":"https:\/\/linitiative.ca\/International\/wp-json\/wp\/v2\/tags?post=152235"}],"curies":[{"name":"wp","href":"https:\/\/api.w.org\/{rel}","templated":true}]}}