{"id":152240,"date":"2022-07-11T15:14:28","date_gmt":"2022-07-11T19:14:28","guid":{"rendered":"https:\/\/linitiative.ca\/International\/etoile-du-sahel-othman-jenayah-de-retour-aux-commandes\/"},"modified":"2022-07-11T15:14:28","modified_gmt":"2022-07-11T19:14:28","slug":"etoile-du-sahel-othman-jenayah-de-retour-aux-commandes","status":"publish","type":"post","link":"https:\/\/linitiative.ca\/International\/etoile-du-sahel-othman-jenayah-de-retour-aux-commandes\/","title":{"rendered":"Etoile du Sahel : Othman Jenayah de retour aux commandes"},"content":{"rendered":"<div>\n<p>TN Sport a appris que l\u2019ancien pr\u00e9sident de l\u2019Etoile du Sahel Othman Jenayah a \u00e9t\u00e9 d\u00e9sign\u00e9, suite \u00e0 la r\u00e9union des anciens pr\u00e9sidents, pour pr\u00e9sider le comit\u00e9 int\u00e9rimaire qui dirigera le club sah\u00e9lien jusqu\u2019\u00e0 l\u2019\u00e9lection d\u2019un nouveau bureau directeur. Rappelons qu\u2019hier une commission a \u00e9t\u00e9 cr\u00e9\u00e9e et qui sera compos\u00e9e d\u2019Abdejlil Bouraoui\u00a0(pr\u00e9sident), de\u00a0Hafedh Brigui\u00a0et\u00a0Hedi Ben [\u2026]<\/p>\n<p>L\u2019article <a href=\"https:\/\/sport.tunisienumerique.com\/etoile-du-sahel-othman-jenayah-de-retour-aux-commandes\/\">Etoile du Sahel : Othman Jenayah de retour aux commandes<\/a> est apparu en premier sur <a href=\"https:\/\/www.tunisienumerique.com\/\">Tunisie<\/a>.<\/p>\n<\/div>\n<p>Auteur: Hamza Ben Khlifa<br \/>\n<a href=\"https:\/\/sport.tunisienumerique.com\/etoile-du-sahel-othman-jenayah-de-retour-aux-commandes\/\">Cliquez ici pour lire l&rsquo;article depuis sa source.<\/a><\/p>\n","protected":false},"excerpt":{"rendered":"<p>TN Sport a appris que l\u2019ancien pr\u00e9sident de l\u2019Etoile du Sahel Othman Jenayah a \u00e9t\u00e9 d\u00e9sign\u00e9, suite \u00e0 la r\u00e9union des anciens pr\u00e9sidents, pour pr\u00e9sider le comit\u00e9 int\u00e9rimaire qui dirigera le club sah\u00e9lien jusqu\u2019\u00e0 l\u2019\u00e9lection d\u2019un nouveau bureau directeur. Rappelons qu\u2019hier une commission a \u00e9t\u00e9 cr\u00e9\u00e9e et qui sera compos\u00e9e d\u2019Abdejlil Bouraoui\u00a0(pr\u00e9sident), de\u00a0Hafedh Brigui\u00a0et\u00a0Hedi Ben [&hellip;]<\/p>\n","protected":false},"author":1789,"featured_media":0,"comment_status":"closed","ping_status":"closed","sticky":false,"template":"","format":"standard","meta":{"fifu_image_url":"","fifu_image_alt":"","footnotes":""},"categories":[73,55],"tags":[],"class_list":["post-152240","post","type-post","status-publish","format-standard","hentry","category-actualite","category-tunisie"],"_links":{"self":[{"href":"https:\/\/linitiative.ca\/International\/wp-json\/wp\/v2\/posts\/152240","targetHints":{"allow":["GET"]}}],"collection":[{"href":"https:\/\/linitiative.ca\/International\/wp-json\/wp\/v2\/posts"}],"about":[{"href":"https:\/\/linitiative.ca\/International\/wp-json\/wp\/v2\/types\/post"}],"author":[{"embeddable":true,"href":"https:\/\/linitiative.ca\/International\/wp-json\/wp\/v2\/users\/1789"}],"replies":[{"embeddable":true,"href":"https:\/\/linitiative.ca\/International\/wp-json\/wp\/v2\/comments?post=152240"}],"version-history":[{"count":0,"href":"https:\/\/linitiative.ca\/International\/wp-json\/wp\/v2\/posts\/152240\/revisions"}],"wp:attachment":[{"href":"https:\/\/linitiative.ca\/International\/wp-json\/wp\/v2\/media?parent=152240"}],"wp:term":[{"taxonomy":"category","embeddable":true,"href":"https:\/\/linitiative.ca\/International\/wp-json\/wp\/v2\/categories?post=152240"},{"taxonomy":"post_tag","embeddable":true,"href":"https:\/\/linitiative.ca\/International\/wp-json\/wp\/v2\/tags?post=152240"}],"curies":[{"name":"wp","href":"https:\/\/api.w.org\/{rel}","templated":true}]}}