{"id":152243,"date":"2022-07-11T16:19:15","date_gmt":"2022-07-11T20:19:15","guid":{"rendered":"https:\/\/linitiative.ca\/International\/le-comite-national-pour-la-defense-des-libertes-et-la-democratie-se-mobilise-contre-le-putsh\/"},"modified":"2022-07-11T16:19:15","modified_gmt":"2022-07-11T20:19:15","slug":"le-comite-national-pour-la-defense-des-libertes-et-la-democratie-se-mobilise-contre-le-putsh","status":"publish","type":"post","link":"https:\/\/linitiative.ca\/International\/le-comite-national-pour-la-defense-des-libertes-et-la-democratie-se-mobilise-contre-le-putsh\/","title":{"rendered":"Le comit\u00e9 national pour la d\u00e9fense des libert\u00e9s et la d\u00e9mocratie se mobilise contre le  (putsh)"},"content":{"rendered":"<div>\n<p>Le comit\u00e9 national pour la d\u00e9fense des libert\u00e9s et la d\u00e9mocratie, appelle dans un post sur les r\u00e9seaux sociaux en date du 11 juillet courant,\u00a0 \u00e0 une action commune pour \u00a0renverser \u00a0le( putsch) et faire \u00e9chouer \u00a0le r\u00e9ferendum.\u00a0 Selon la publication,\u00a0 le comit\u00e9 a alert\u00e9 sur les agressions contre les libert\u00e9s,\u00a0 comme ce fut le [\u2026]<\/p>\n<p>L\u2019article <a href=\"https:\/\/www.tunisienumerique.com\/le-comite-national-pour-la-defense-des-libertes-et-la-democratie-appelle-a-renverser-le-putsh\/\">Le comit\u00e9 national pour la d\u00e9fense des libert\u00e9s et la d\u00e9mocratie se mobilise contre le  (putsh)<\/a> est apparu en premier sur <a href=\"https:\/\/www.tunisienumerique.com\/\">Tunisie<\/a>.<\/p>\n<\/div>\n<p>Auteur: Hafedh Trabelsi<br \/>\n<a href=\"https:\/\/www.tunisienumerique.com\/le-comite-national-pour-la-defense-des-libertes-et-la-democratie-appelle-a-renverser-le-putsh\/\">Cliquez ici pour lire l&rsquo;article depuis sa source.<\/a><\/p>\n","protected":false},"excerpt":{"rendered":"<p>Le comit\u00e9 national pour la d\u00e9fense des libert\u00e9s et la d\u00e9mocratie, appelle dans un post sur les r\u00e9seaux sociaux en date du 11 juillet courant,\u00a0 \u00e0 une action commune pour \u00a0renverser \u00a0le( putsch) et faire \u00e9chouer \u00a0le r\u00e9ferendum.\u00a0 Selon la publication,\u00a0 le comit\u00e9 a alert\u00e9 sur les agressions contre les libert\u00e9s,\u00a0 comme ce fut le [&hellip;]<\/p>\n","protected":false},"author":1789,"featured_media":0,"comment_status":"closed","ping_status":"closed","sticky":false,"template":"","format":"standard","meta":{"fifu_image_url":"","fifu_image_alt":"","footnotes":""},"categories":[73,55],"tags":[],"class_list":["post-152243","post","type-post","status-publish","format-standard","hentry","category-actualite","category-tunisie"],"_links":{"self":[{"href":"https:\/\/linitiative.ca\/International\/wp-json\/wp\/v2\/posts\/152243","targetHints":{"allow":["GET"]}}],"collection":[{"href":"https:\/\/linitiative.ca\/International\/wp-json\/wp\/v2\/posts"}],"about":[{"href":"https:\/\/linitiative.ca\/International\/wp-json\/wp\/v2\/types\/post"}],"author":[{"embeddable":true,"href":"https:\/\/linitiative.ca\/International\/wp-json\/wp\/v2\/users\/1789"}],"replies":[{"embeddable":true,"href":"https:\/\/linitiative.ca\/International\/wp-json\/wp\/v2\/comments?post=152243"}],"version-history":[{"count":0,"href":"https:\/\/linitiative.ca\/International\/wp-json\/wp\/v2\/posts\/152243\/revisions"}],"wp:attachment":[{"href":"https:\/\/linitiative.ca\/International\/wp-json\/wp\/v2\/media?parent=152243"}],"wp:term":[{"taxonomy":"category","embeddable":true,"href":"https:\/\/linitiative.ca\/International\/wp-json\/wp\/v2\/categories?post=152243"},{"taxonomy":"post_tag","embeddable":true,"href":"https:\/\/linitiative.ca\/International\/wp-json\/wp\/v2\/tags?post=152243"}],"curies":[{"name":"wp","href":"https:\/\/api.w.org\/{rel}","templated":true}]}}