{"id":152246,"date":"2022-07-11T16:26:17","date_gmt":"2022-07-11T20:26:17","guid":{"rendered":"https:\/\/linitiative.ca\/International\/recrudescence-des-attaques-au-burkina-vous-avez-bien-dit-montee-en-puissance-des-fds\/"},"modified":"2022-07-11T16:26:17","modified_gmt":"2022-07-11T20:26:17","slug":"recrudescence-des-attaques-au-burkina-vous-avez-bien-dit-montee-en-puissance-des-fds","status":"publish","type":"post","link":"https:\/\/linitiative.ca\/International\/recrudescence-des-attaques-au-burkina-vous-avez-bien-dit-montee-en-puissance-des-fds\/","title":{"rendered":"RECRUDESCENCE DES ATTAQUES AU BURKINA : Vous avez bien dit mont\u00e9e en puissance des FDS\u00a0!"},"content":{"rendered":"<div>\n<p><img loading=\"lazy\" decoding=\"async\" width=\"281\" height=\"179\" src=\"https:\/\/linitiative.ca\/International\/wp-content\/uploads\/sites\/23\/2022\/07\/Attaque.jpg\" class=\"attachment- size- wp-post-image\" alt=\"\" style=\"float:left; margin:0 15px 15px 0;\" srcset=\"https:\/\/linitiative.ca\/International\/wp-content\/uploads\/sites\/23\/2022\/07\/Attaque.jpg 281w, https:\/\/lepays.bf\/wp-content\/uploads\/2022\/07\/Attaque-150x96.jpg 150w\" sizes=\"auto, (max-width: 281px) 100vw, 281px\">Le Burkina est de nouveau frapp\u00e9 par une violente attaque terroriste. Le 10 juillet au petit matin, comme \u00e0 leur habitude, les fous du Sahel ont de nouveau r\u00e9serv\u00e9 une mauvaise surprise au d\u00e9tachement militaire de Barsalogho, \u00e0 seulement une quarantaine de kilom\u00e8tres de Kaya, [\u2026]<\/p>\n<p>L\u2019article <a rel=\"nofollow\" href=\"https:\/\/lepays.bf\/recrudescence-des-attaques-au-burkina-vous-avez-bien-dit-montee-en-puissance-des-fds\/\">RECRUDESCENCE DES ATTAQUES AU BURKINA : Vous avez bien dit mont\u00e9e en puissance des FDS\u00a0!<\/a> est apparu en premier sur <a rel=\"nofollow\" href=\"https:\/\/lepays.bf\/\">Editions Le Pays<\/a>.<\/p>\n<\/div>\n<p>Auteur: Editions LEPAYS<br \/>\n<a href=\"https:\/\/lepays.bf\/recrudescence-des-attaques-au-burkina-vous-avez-bien-dit-montee-en-puissance-des-fds\/\">Cliquez ici pour lire l&rsquo;article depuis sa source.<\/a><\/p>\n","protected":false},"excerpt":{"rendered":"<p>Le Burkina est de nouveau frapp\u00e9 par une violente attaque terroriste. Le 10 juillet au petit matin, comme \u00e0 leur habitude, les fous du Sahel ont de nouveau r\u00e9serv\u00e9 une mauvaise surprise au d\u00e9tachement militaire de Barsalogho, \u00e0 seulement une quarantaine de kilom\u00e8tres de Kaya, [\u2026] L\u2019article RECRUDESCENCE DES ATTAQUES AU BURKINA : Vous avez [&hellip;]<\/p>\n","protected":false},"author":1813,"featured_media":0,"comment_status":"closed","ping_status":"closed","sticky":false,"template":"","format":"standard","meta":{"fifu_image_url":"https:\/\/lepays.bf\/wp-content\/uploads\/2022\/07\/Attaque.jpg","fifu_image_alt":"RECRUDESCENCE DES ATTAQUES AU BURKINA : Vous avez bien dit mont\u00e9e en puissance des FDS\u00a0!","footnotes":""},"categories":[73,81],"tags":[],"class_list":["post-152246","post","type-post","status-publish","format-standard","hentry","category-actualite","category-burkina-faso"],"_links":{"self":[{"href":"https:\/\/linitiative.ca\/International\/wp-json\/wp\/v2\/posts\/152246","targetHints":{"allow":["GET"]}}],"collection":[{"href":"https:\/\/linitiative.ca\/International\/wp-json\/wp\/v2\/posts"}],"about":[{"href":"https:\/\/linitiative.ca\/International\/wp-json\/wp\/v2\/types\/post"}],"author":[{"embeddable":true,"href":"https:\/\/linitiative.ca\/International\/wp-json\/wp\/v2\/users\/1813"}],"replies":[{"embeddable":true,"href":"https:\/\/linitiative.ca\/International\/wp-json\/wp\/v2\/comments?post=152246"}],"version-history":[{"count":0,"href":"https:\/\/linitiative.ca\/International\/wp-json\/wp\/v2\/posts\/152246\/revisions"}],"wp:attachment":[{"href":"https:\/\/linitiative.ca\/International\/wp-json\/wp\/v2\/media?parent=152246"}],"wp:term":[{"taxonomy":"category","embeddable":true,"href":"https:\/\/linitiative.ca\/International\/wp-json\/wp\/v2\/categories?post=152246"},{"taxonomy":"post_tag","embeddable":true,"href":"https:\/\/linitiative.ca\/International\/wp-json\/wp\/v2\/tags?post=152246"}],"curies":[{"name":"wp","href":"https:\/\/api.w.org\/{rel}","templated":true}]}}