{"id":152249,"date":"2022-07-11T11:57:57","date_gmt":"2022-07-11T15:57:57","guid":{"rendered":"https:\/\/linitiative.ca\/International\/journee-mondiale-de-la-population-cette-annee-le-monde-atteindra-8-milliards-dindividus-selon-lonu\/"},"modified":"2022-07-11T11:57:57","modified_gmt":"2022-07-11T15:57:57","slug":"journee-mondiale-de-la-population-cette-annee-le-monde-atteindra-8-milliards-dindividus-selon-lonu","status":"publish","type":"post","link":"https:\/\/linitiative.ca\/International\/journee-mondiale-de-la-population-cette-annee-le-monde-atteindra-8-milliards-dindividus-selon-lonu\/","title":{"rendered":"Journ\u00e9e mondiale de la population\u00a0: Cette ann\u00e9e, le monde atteindra 8 milliards d\u2019individus selon l\u2019ONU"},"content":{"rendered":"<div>\n<p>Ce lundi 11 juillet est c\u00e9l\u00e9br\u00e9 la Journ\u00e9e mondiale de la population. Selon l\u2019ONU, cette ann\u00e9e, la population mondiale atteindra 8 milliards de personnes.<\/p>\n<p>En 2011, le monde avait atteint une population de 7 milliards d\u2019individus. Pour certains, cela est \u00e0 mettre au compte des progr\u00e8s dans la sant\u00e9 qui ont fait augmenter l\u2019esp\u00e9rance de vie, r\u00e9duit la mortalit\u00e9 maternelle et infantile, en d\u00e9veloppant des vaccins en un temps record.<\/p>\n<p>Pour d\u2019autres, cette augmentation de la population est due aux innovations technologiques. De l\u2019avis de l\u2019Organisation des Nations unies, dans un monde id\u00e9al, 8 milliards de personnes signifieraient 8 milliards d\u2019opportunit\u00e9s pour des soci\u00e9t\u00e9s plus saines, autonomis\u00e9es par leurs droits et leurs choix.<\/p>\n<p><strong>AK<\/strong><\/p>\n<\/div>\n<p>Auteur: Wamini SIDWAYA<br \/>\n<a href=\"https:\/\/www.sidwaya.info\/blog\/2022\/07\/11\/journee-mondiale-de-la-population-cette-annee-le-monde-atteindra-8-milliards-dindividus-selon-lonu\/\">Cliquez ici pour lire l&rsquo;article depuis sa source.<\/a><\/p>\n","protected":false},"excerpt":{"rendered":"<p>Ce lundi 11 juillet est c\u00e9l\u00e9br\u00e9 la Journ\u00e9e mondiale de la population. Selon l\u2019ONU, cette ann\u00e9e, la population mondiale atteindra 8 milliards de personnes. En 2011, le monde avait atteint une population de 7 milliards d\u2019individus. Pour certains, cela est \u00e0 mettre au compte des progr\u00e8s dans la sant\u00e9 qui ont fait augmenter l\u2019esp\u00e9rance de [&hellip;]<\/p>\n","protected":false},"author":1816,"featured_media":0,"comment_status":"closed","ping_status":"closed","sticky":false,"template":"","format":"standard","meta":{"fifu_image_url":"","fifu_image_alt":"","footnotes":""},"categories":[73,81],"tags":[],"class_list":["post-152249","post","type-post","status-publish","format-standard","hentry","category-actualite","category-burkina-faso"],"_links":{"self":[{"href":"https:\/\/linitiative.ca\/International\/wp-json\/wp\/v2\/posts\/152249","targetHints":{"allow":["GET"]}}],"collection":[{"href":"https:\/\/linitiative.ca\/International\/wp-json\/wp\/v2\/posts"}],"about":[{"href":"https:\/\/linitiative.ca\/International\/wp-json\/wp\/v2\/types\/post"}],"author":[{"embeddable":true,"href":"https:\/\/linitiative.ca\/International\/wp-json\/wp\/v2\/users\/1816"}],"replies":[{"embeddable":true,"href":"https:\/\/linitiative.ca\/International\/wp-json\/wp\/v2\/comments?post=152249"}],"version-history":[{"count":0,"href":"https:\/\/linitiative.ca\/International\/wp-json\/wp\/v2\/posts\/152249\/revisions"}],"wp:attachment":[{"href":"https:\/\/linitiative.ca\/International\/wp-json\/wp\/v2\/media?parent=152249"}],"wp:term":[{"taxonomy":"category","embeddable":true,"href":"https:\/\/linitiative.ca\/International\/wp-json\/wp\/v2\/categories?post=152249"},{"taxonomy":"post_tag","embeddable":true,"href":"https:\/\/linitiative.ca\/International\/wp-json\/wp\/v2\/tags?post=152249"}],"curies":[{"name":"wp","href":"https:\/\/api.w.org\/{rel}","templated":true}]}}