{"id":152250,"date":"2022-07-11T13:49:16","date_gmt":"2022-07-11T17:49:16","guid":{"rendered":"https:\/\/linitiative.ca\/International\/smig-bassolma-bazie-table-sur-une-amelioration-des-30-684-francs-servis-actuellement-aux-travailleurs\/"},"modified":"2022-07-11T13:49:16","modified_gmt":"2022-07-11T17:49:16","slug":"smig-bassolma-bazie-table-sur-une-amelioration-des-30-684-francs-servis-actuellement-aux-travailleurs","status":"publish","type":"post","link":"https:\/\/linitiative.ca\/International\/smig-bassolma-bazie-table-sur-une-amelioration-des-30-684-francs-servis-actuellement-aux-travailleurs\/","title":{"rendered":"SMIG : Bassolma Bazi\u00e9 table sur une am\u00e9lioration des 30 684 francs servis actuellement aux travailleurs"},"content":{"rendered":"<div>\n<p>Le gouvernement a initi\u00e9 des concertations sur le montant du Salaire minimum interprofessionnel garanti (SMIG) conform\u00e9ment \u00e0 une revendication des organisations syndicales qui souhaitent une augmentation. Ce lundi 11 juillet 2022, le Premier ministre, Albert Ou\u00e9draogo, s\u2019est entretenu dans ce cadre avec une d\u00e9l\u00e9gation du Conseil national du patronat burkinab\u00e8 (CNPB), conduite par son vice-pr\u00e9sident, charg\u00e9 du dialogue social, Harouna Toguyeni.<\/p>\n<p>Selon le ministre en charge de la Fonction publique, Bassolma Bazi\u00e9, la revendication est en conformit\u00e9 avec la convention 301 sign\u00e9e par le pays, et qui stipule en ses articles 3 et 4, que chaque Etat qui la ratifie doit proc\u00e9der (suite \u00e0 des n\u00e9gociations), sur un intervalle r\u00e9p\u00e9titif, \u00e0 la r\u00e9\u00e9valuation du SMIG, pour l\u2019adapter aux conditions de vie des travailleurs et \u00e0 l\u2019inflation nationale.<\/p>\n<figure id=\"attachment_52139\" aria-describedby=\"caption-attachment-52139\" style=\"width: 696px\" class=\"wp-caption alignnone\"><img decoding=\"async\" data-attachment-id=\"52139\" data-permalink=\"https:\/\/www.sidwaya.info\/blog\/2022\/07\/11\/smig-bassolma-bazie-table-sur-une-amelioration-des-30-684-francs-servis-actuellement-aux-travailleurs\/smig-2\/\" data-orig-file=\"https:\/\/i0.wp.com\/www.sidwaya.info\/wp-content\/uploads\/2022\/07\/SMIG-2-e1657561640899.jpg?fit=600%2C349&amp;ssl=1\" data-orig-size=\"600,349\" data-comments-opened=\"1\" data-image-meta='{\"aperture\":\"0\",\"credit\":\"\",\"camera\":\"\",\"caption\":\"\",\"created_timestamp\":\"0\",\"copyright\":\"\",\"focal_length\":\"0\",\"iso\":\"0\",\"shutter_speed\":\"0\",\"title\":\"\",\"orientation\":\"0\"}' data-image-title=\"\" data-image-description=\"\" data-image-caption=\"&lt;p&gt;Le Premier ministre Albert Ou\u00e9draogo rencontre le conseil national du patronat burkinab\u00e8 le lundi 11 juillet 2022 \u00e0 propos de la revalorisation du SMIG. \u00a9 : DCRP\/Primature. Sidwaya.info&lt;\/p&gt;\n\" data-medium-file=\"https:\/\/i0.wp.com\/www.sidwaya.info\/wp-content\/uploads\/2022\/07\/SMIG-2-e1657561640899.jpg?fit=300%2C175&amp;ssl=1\" data-large-file=\"https:\/\/i0.wp.com\/www.sidwaya.info\/wp-content\/uploads\/2022\/07\/SMIG-2-e1657561640899.jpg?fit=696%2C433&amp;ssl=1\" loading=\"lazy\" class=\"size-large wp-image-52139\" src=\"https:\/\/i0.wp.com\/www.sidwaya.info\/wp-content\/uploads\/2022\/07\/SMIG-2.jpg?resize=696,433&amp;ssl=1\" alt=\"\" width=\"696\" height=\"433\" data-recalc-dims=\"1\"><figcaption id=\"caption-attachment-52139\" class=\"wp-caption-text\"><strong>Le Premier ministre Albert Ou\u00e9draogo rencontre le conseil national du patronat burkinab\u00e8 le lundi 11 juillet 2022 \u00e0 propos de la revalorisation du SMIG. \u00a9 : DCRP\/Primature. Sidwaya.info<\/strong><\/figcaption><\/figure>\n<p>Bassolma Bazi\u00e9 a indiqu\u00e9 que le Burkina Faso, apr\u00e8s avoir ratifi\u00e9 la convention, a pris un d\u00e9cret en 2010, indiquant qu\u2019une commission nationale du SMIG allait \u00eatre mise en place, pour se conformer \u00e0 l\u2019esprit de la convention ratifi\u00e9e. Mais depuis la prise du d\u00e9cret, cette commission n\u2019a pu \u00eatre mise sur pied, ce qui signifie qu\u2019il n\u2019y a eu aucune rencontre de r\u00e9\u00e9valuation du SMIG.<\/p>\n<p>\u00ab Dans ce cadre, l\u2019UAS a fait une revendication pour dire d\u2019aller \u00e0 un montant de 60 000 francs CFA \u00bb, a pr\u00e9cis\u00e9 M. Bazi\u00e9. Il a rappel\u00e9 que le montant actuel du SMIG est fix\u00e9 \u00e0 30 684 francs CFA.<\/p>\n<p>Saluant la disponibilit\u00e9 du patronat pour engager ces concertations, le ministre s\u2019est dit convaincu que m\u00eame si la revendication de l\u2019UAS n\u2019arrive pas \u00e0 \u00eatre enti\u00e8rement satisfaite, \u00ab\u00a0l\u2019oreille attentive du patronat permettra d\u2019enregistrer une am\u00e9lioration du SMIG, au vu du contexte que nous traversons actuellement\u00a0\u00bb.<\/p>\n<p>Le vice-pr\u00e9sident du CNPB, charg\u00e9 du dialogue social, a salu\u00e9 l\u2019esprit de concertation du gouvernement. Selon Harouna Toguyeni, il y a des propositions sur la table des n\u00e9gociations, aussi bien du Gouvernement, de l\u2019UAS, que du CNPB mais pour le moment, les diff\u00e9rentes parties n\u2019ont pas pu tomber d\u2019accord sur un montant donn\u00e9. Les discussions vont donc continuer, selon lui, et il a dit esp\u00e9rer qu\u2019un accord sera trouv\u00e9 tr\u00e8s rapidement sur un nouveau SMIG.<\/p>\n<p>\u00ab Nous avons besoin que les ressources des travailleurs augmentent, pour continuer \u00e0 booster l\u2019\u00e9conomie \u00bb, a d\u00e9clar\u00e9 Harouna Toguyeni.<\/p>\n<p><strong>Sidwaya.info<\/strong><\/p>\n<p><strong>Source\u00a0: DCRP\/Primature<\/strong><\/p>\n<\/div>\n<p>Auteur: Wamini SIDWAYA<br \/>\n<a href=\"https:\/\/www.sidwaya.info\/blog\/2022\/07\/11\/smig-bassolma-bazie-table-sur-une-amelioration-des-30-684-francs-servis-actuellement-aux-travailleurs\/\">Cliquez ici pour lire l&rsquo;article depuis sa source.<\/a><\/p>\n","protected":false},"excerpt":{"rendered":"<p>Le gouvernement a initi\u00e9 des concertations sur le montant du Salaire minimum interprofessionnel garanti (SMIG) conform\u00e9ment \u00e0 une revendication des organisations syndicales qui souhaitent une augmentation. Ce lundi 11 juillet 2022, le Premier ministre, Albert Ou\u00e9draogo, s\u2019est entretenu dans ce cadre avec une d\u00e9l\u00e9gation du Conseil national du patronat burkinab\u00e8 (CNPB), conduite par son vice-pr\u00e9sident, [&hellip;]<\/p>\n","protected":false},"author":1816,"featured_media":0,"comment_status":"closed","ping_status":"closed","sticky":false,"template":"","format":"standard","meta":{"fifu_image_url":"https:\/\/i0.wp.com\/www.sidwaya.info\/wp-content\/uploads\/2022\/07\/SMIG-2.jpg?resize=696,433&ssl=1","fifu_image_alt":"SMIG : Bassolma Bazi\u00e9 table sur une am\u00e9lioration des 30 684 francs servis actuellement aux travailleurs","footnotes":""},"categories":[73,81],"tags":[],"class_list":["post-152250","post","type-post","status-publish","format-standard","hentry","category-actualite","category-burkina-faso"],"_links":{"self":[{"href":"https:\/\/linitiative.ca\/International\/wp-json\/wp\/v2\/posts\/152250","targetHints":{"allow":["GET"]}}],"collection":[{"href":"https:\/\/linitiative.ca\/International\/wp-json\/wp\/v2\/posts"}],"about":[{"href":"https:\/\/linitiative.ca\/International\/wp-json\/wp\/v2\/types\/post"}],"author":[{"embeddable":true,"href":"https:\/\/linitiative.ca\/International\/wp-json\/wp\/v2\/users\/1816"}],"replies":[{"embeddable":true,"href":"https:\/\/linitiative.ca\/International\/wp-json\/wp\/v2\/comments?post=152250"}],"version-history":[{"count":0,"href":"https:\/\/linitiative.ca\/International\/wp-json\/wp\/v2\/posts\/152250\/revisions"}],"wp:attachment":[{"href":"https:\/\/linitiative.ca\/International\/wp-json\/wp\/v2\/media?parent=152250"}],"wp:term":[{"taxonomy":"category","embeddable":true,"href":"https:\/\/linitiative.ca\/International\/wp-json\/wp\/v2\/categories?post=152250"},{"taxonomy":"post_tag","embeddable":true,"href":"https:\/\/linitiative.ca\/International\/wp-json\/wp\/v2\/tags?post=152250"}],"curies":[{"name":"wp","href":"https:\/\/api.w.org\/{rel}","templated":true}]}}