{"id":152251,"date":"2022-07-11T14:09:39","date_gmt":"2022-07-11T18:09:39","guid":{"rendered":"https:\/\/linitiative.ca\/International\/dialogue-politique-ivoirien-alassane-ouattara-rencontre-ses-predecesseurs-henri-konan-bedie-et-laurent-gbagbo-le-14-juillet-prochain-a-abidjan\/"},"modified":"2022-07-11T14:09:39","modified_gmt":"2022-07-11T18:09:39","slug":"dialogue-politique-ivoirien-alassane-ouattara-rencontre-ses-predecesseurs-henri-konan-bedie-et-laurent-gbagbo-le-14-juillet-prochain-a-abidjan","status":"publish","type":"post","link":"https:\/\/linitiative.ca\/International\/dialogue-politique-ivoirien-alassane-ouattara-rencontre-ses-predecesseurs-henri-konan-bedie-et-laurent-gbagbo-le-14-juillet-prochain-a-abidjan\/","title":{"rendered":"Dialogue politique ivoirien : Alassane Ouattara rencontre ses pr\u00e9d\u00e9cesseurs Henri Konan B\u00e9di\u00e9 et Laurent Gbagbo le 14 juillet prochain \u00e0 Abidjan"},"content":{"rendered":"<div>\n<p>Les trois poids lourds de la politique ivoirienne \u2013 Alassane Ouattara, pr\u00e9sident de la C\u00f4te d\u2019Ivoire, Henri Konan B\u00e9di\u00e9, le pr\u00e9sident du Pdci-Rda et le pr\u00e9sident du PPA-CI, Laurent Gbagbo \u2013 se rencontreront \u00e0 la pr\u00e9sidence le jeudi 14 juillet 2022.<\/p>\n<p>L\u2019objectif de cette rencontre est de consolider le processus de r\u00e9conciliation en cours en C\u00f4te d\u2019Ivoire et le dialogue politique. Selon RFI, les trois leaders politiques parleront, entre autres, des prisonniers dits \u00ab politiques \u00bb, arr\u00eat\u00e9s lors des crises \u00e9lectorales de 2010-2011 et de 2020, de l\u2019\u00e9lection pr\u00e9sidentielle de 2025, des scrutins locaux et r\u00e9gionaux de 2023.<\/p>\n<p><em>\u00ab Le chef de l\u2019\u00c9tat parle r\u00e9guli\u00e8rement avec les anciens pr\u00e9sidents. Ils se parlent d\u00e9j\u00e0 par t\u00e9l\u00e9phone. Mais il \u00e9tait aussi important, puisque c\u2019\u00e9tait un souhait du dialogue politique, que cette rencontre ait lieu. Et c\u2019est dans ce cadre-l\u00e0 que cette rencontre aura lieu \u00bb<\/em>, a fait savoir le ministre ivoirien en charge de la Communication, Amadou Coulibaly.<\/p>\n<p><strong>AK<\/strong><\/p>\n<\/div>\n<p>Auteur: Wamini SIDWAYA<br \/>\n<a href=\"https:\/\/www.sidwaya.info\/blog\/2022\/07\/11\/dialogue-politique-ivoirien-alassane-ouattara-rencontre-ses-predecesseurs-henri-konan-bedie-et-laurent-gbagbo-le-14-juillet-prochain-a-abidjan\/\">Cliquez ici pour lire l&rsquo;article depuis sa source.<\/a><\/p>\n","protected":false},"excerpt":{"rendered":"<p>Les trois poids lourds de la politique ivoirienne \u2013 Alassane Ouattara, pr\u00e9sident de la C\u00f4te d\u2019Ivoire, Henri Konan B\u00e9di\u00e9, le pr\u00e9sident du Pdci-Rda et le pr\u00e9sident du PPA-CI, Laurent Gbagbo \u2013 se rencontreront \u00e0 la pr\u00e9sidence le jeudi 14 juillet 2022. L\u2019objectif de cette rencontre est de consolider le processus de r\u00e9conciliation en cours en [&hellip;]<\/p>\n","protected":false},"author":1816,"featured_media":0,"comment_status":"closed","ping_status":"closed","sticky":false,"template":"","format":"standard","meta":{"fifu_image_url":"","fifu_image_alt":"","footnotes":""},"categories":[73,81],"tags":[],"class_list":["post-152251","post","type-post","status-publish","format-standard","hentry","category-actualite","category-burkina-faso"],"_links":{"self":[{"href":"https:\/\/linitiative.ca\/International\/wp-json\/wp\/v2\/posts\/152251","targetHints":{"allow":["GET"]}}],"collection":[{"href":"https:\/\/linitiative.ca\/International\/wp-json\/wp\/v2\/posts"}],"about":[{"href":"https:\/\/linitiative.ca\/International\/wp-json\/wp\/v2\/types\/post"}],"author":[{"embeddable":true,"href":"https:\/\/linitiative.ca\/International\/wp-json\/wp\/v2\/users\/1816"}],"replies":[{"embeddable":true,"href":"https:\/\/linitiative.ca\/International\/wp-json\/wp\/v2\/comments?post=152251"}],"version-history":[{"count":0,"href":"https:\/\/linitiative.ca\/International\/wp-json\/wp\/v2\/posts\/152251\/revisions"}],"wp:attachment":[{"href":"https:\/\/linitiative.ca\/International\/wp-json\/wp\/v2\/media?parent=152251"}],"wp:term":[{"taxonomy":"category","embeddable":true,"href":"https:\/\/linitiative.ca\/International\/wp-json\/wp\/v2\/categories?post=152251"},{"taxonomy":"post_tag","embeddable":true,"href":"https:\/\/linitiative.ca\/International\/wp-json\/wp\/v2\/tags?post=152251"}],"curies":[{"name":"wp","href":"https:\/\/api.w.org\/{rel}","templated":true}]}}