{"id":152252,"date":"2022-07-11T14:17:10","date_gmt":"2022-07-11T18:17:10","guid":{"rendered":"https:\/\/linitiative.ca\/International\/bertrand-traore-aston-villa-angleterre-jai-de-lespoir-pour-la-suite\/"},"modified":"2022-07-11T14:17:10","modified_gmt":"2022-07-11T18:17:10","slug":"bertrand-traore-aston-villa-angleterre-jai-de-lespoir-pour-la-suite","status":"publish","type":"post","link":"https:\/\/linitiative.ca\/International\/bertrand-traore-aston-villa-angleterre-jai-de-lespoir-pour-la-suite\/","title":{"rendered":"Bertrand Traor\u00e9 (Aston Villa \/ Angleterre) : \u00ab\u00a0J\u2019ai de l\u2019espoir pour la suite\u00a0\u00bb"},"content":{"rendered":"<div>\n<p><strong>Il n\u2019est pas un bon client de la presse puisqu\u2019il s\u2019exprime rarement pr\u00e9f\u00e9rant se concentrer sur ce qu\u2019il sait faire de mieux\u00a0: jouer au football. Mais, si l\u2019occasion se pr\u00e9sente, Bertrand Traor\u00e9 dit clairement ce qu\u2019il pense. C\u2019est ce qui s\u2019est pass\u00e9 \u00e0 travers cette exclusivit\u00e9.<\/strong><\/p>\n<p><strong>Sidwaya Sport (S.S.) : Les 16 et 18 juin ont eu lieu les journ\u00e9es caritatives de la Fondation Bertrand Traor\u00e9 \u00e0 Ouagadougou et \u00e0 Bobo Dioulasso. Des activit\u00e9s qui ont suscit\u00e9 beaucoup d\u2019engouement notamment \u00e0 Bobo. Pourquoi avoir initi\u00e9 ces journ\u00e9es caritatives ?<\/strong><\/p>\n<p><strong>Bertrand Traor\u00e9 (B.T.) :<\/strong> Vous savez, depuis 2019, chaque fois que je viens au Burkina, soit en regroupement avec les Etalons ou pour les vacances, nous essayons avec mes fr\u00e8res, mes amis et collaborateurs de la Fondation, d\u2019organiser quelque chose en faveur des enfants ou d\u2019apporter de l\u2019aide aux gens avec nos modestes moyens. Cette fois-ci, nous avons essay\u00e9 de faire quelque chose de plus grand parce que la situation du pays est difficile \u00e0 cause de l\u2019ins\u00e9curit\u00e9, de la souffrance des populations et des nombreuses attaques terroristes aux quatre coins du pays. Nous avons initi\u00e9 ces journ\u00e9es caritatives afin de cr\u00e9er un \u00e9lan de solidarit\u00e9 \u00e0 l\u2019\u00e9chelle nationale autour de nos forces de d\u00e9fense et de s\u00e9curit\u00e9 et des volontaires pour la d\u00e9fense de la patrie qui se battent au p\u00e9ril de leur vie pour le pays. Nous avons mobilis\u00e9 des ressources humaines et mat\u00e9rielles afin d\u2019apporter du r\u00e9confort aux veuves et aux orphelins de tous ces soldats, gendarmes, policiers, forestiers, douaniers et tous les autres corps paramilitaires qui se battent pour notre s\u00e9curit\u00e9 contre les groupes terroristes. Par la gr\u00e2ce de Dieu, et gr\u00e2ce aux soutiens de bonnes volont\u00e9s, notre objectif premier a \u00e9t\u00e9 atteint. Ce qui nous a permis de venir en aide \u00e0 des familles en situation difficile dans des quartiers populaires de Ouagadougou et de Bobo-Dioulasso. C\u2019est d\u2019ailleurs l\u2019occasion pour nous de dire merci ici \u00e0 toutes ces bonnes volont\u00e9s qui ont bien voulu r\u00e9pondre positivement \u00e0 notre \u00e9lan de solidarit\u00e9. Loin de moi l\u2019id\u00e9e de profiter de vos colonnes pour une publicit\u00e9 gratuite (rires), permettez que je remercie les pr\u00e9sidents directeurs g\u00e9n\u00e9raux de EBOMAF et de CORIS Group, CANAL + Burkina, la SOCOGIB, des b\u00e9n\u00e9voles et membres de la Fondation, le pr\u00e9sident de la Ligue des Hauts Bassins, le patron de Rahimo, des anciennes gloires du football burkinab\u00e8, des journalistes sportifs, des artistes culturels, des populations de Ouagadougou et Bobo-Dioulasso, ainsi que tous ceux qui de fa\u00e7on spontan\u00e9e ont contribu\u00e9 \u00e0 la r\u00e9ussite de ces journ\u00e9es caritatives. Je n\u2019oublie pas le chef d\u2019\u00e9tat-major des arm\u00e9es, les autorit\u00e9s coutumi\u00e8res et religieuses de Bobo Dioulasso et le haut-commissaire de la r\u00e9gion des Hauts Bassins. Ces actions s\u2019inscrivent dans la lign\u00e9e d\u2019autres op\u00e9rations d\u2019envergure men\u00e9es depuis d\u00e9j\u00e0 plusieurs ann\u00e9es par la Fondation Bertrand Traor\u00e9.<\/p>\n<p><strong>S.S. : D\u2019o\u00f9 provient cet engagement ?<\/strong><\/p>\n<p><strong>B.T. :<\/strong> Je pense que j\u2019avais d\u00e9j\u00e0 r\u00e9pondu \u00e0 cette question dans votre journal il y a quelques ann\u00e9es. Les raisons sont toujours les m\u00eames. Il s\u2019agit de l\u2019envie de venir en aide aux autres, de venir en aide aux enfants, tout simplement. Vous savez que je suis orphelin de p\u00e8re depuis tout petit. Alors, je sais ce que c\u2019est qu\u2019\u00eatre enfant et de recevoir de la compassion venant d\u2019autrui. J\u2019ai conscience de ma position de privil\u00e9gi\u00e9, de chanceux gr\u00e2ce au football. A travers ma fondation, je veux apporter de l\u2019espoir. Je veux que les gens croient que tout est possible et qu\u2019il faut garder espoir m\u00eame quand c\u2019est difficile.<\/p>\n<p><strong>S.S. : Tu fais partie de ces hommes publics tr\u00e8s impliqu\u00e9s et pr\u00e9occup\u00e9s par la crise s\u00e9curitaire que traverse le pays. Quels messages aimerais-tu faire passer ?<\/strong><\/p>\n<p><strong>B.T. :<\/strong> Je ne suis qu\u2019un joueur de football mais j\u2019aime mon pays. Je ne suis pas insensible \u00e0 tout ce qui se passe autour de moi. Lors de ces journ\u00e9es caritatives et apr\u00e8s avoir rencontr\u00e9 beaucoup de responsables du pays et de personnes sympathiques et simples, le seul message que je puis dire c\u2019est la solidarit\u00e9 entre nous Burkinab\u00e8, car, c\u2019est ensemble et main dans la main que nous pourrons nous en sortir et r\u00e9gler tous nos probl\u00e8mes.<\/p>\n<figure id=\"attachment_2421\" aria-describedby=\"caption-attachment-2421\" style=\"width: 700px\" class=\"wp-caption alignnone\"><img loading=\"lazy\" decoding=\"async\" data-attachment-id=\"52146\" data-permalink=\"https:\/\/www.sidwaya.info\/blog\/2022\/07\/11\/bertrand-traore-aston-villa-angleterre-jai-de-lespoir-pour-la-suite\/4-png-2\/\" data-orig-file=\"https:\/\/i0.wp.com\/www.sidwaya.info\/wp-content\/uploads\/2022\/07\/4-PNG-2.png?fit=700%2C467&amp;ssl=1\" data-orig-size=\"700,467\" data-comments-opened=\"1\" data-image-meta='{\"aperture\":\"0\",\"credit\":\"\",\"camera\":\"\",\"caption\":\"\",\"created_timestamp\":\"0\",\"copyright\":\"\",\"focal_length\":\"0\",\"iso\":\"0\",\"shutter_speed\":\"0\",\"title\":\"\",\"orientation\":\"0\"}' data-image-title=\"4-PNG-2.png\" data-image-description=\"\" data-image-caption=\"&lt;p&gt;Bertrand Traor\u00e9 a fait des dons de vivres \u00e0 des personnes n\u00e9cessiteuses \u00e0 travers sa fondation \u00e9ponyme.&lt;\/p&gt;\n\" data-medium-file=\"https:\/\/i0.wp.com\/www.sidwaya.info\/wp-content\/uploads\/2022\/07\/4-PNG-2.png?fit=300%2C200&amp;ssl=1\" data-large-file=\"https:\/\/i0.wp.com\/www.sidwaya.info\/wp-content\/uploads\/2022\/07\/4-PNG-2.png?fit=696%2C464&amp;ssl=1\" class=\"size-full wp-image-52146\" src=\"https:\/\/i0.wp.com\/www.sidwaya.info\/wp-content\/uploads\/2022\/07\/4-PNG-2.png?resize=696,464&amp;ssl=1\" alt=\"\" width=\"696\" height=\"464\" srcset=\"https:\/\/i0.wp.com\/www.sidwaya.info\/wp-content\/uploads\/2022\/07\/4-PNG-2.png?w=700&amp;ssl=1 700w, https:\/\/i0.wp.com\/www.sidwaya.info\/wp-content\/uploads\/2022\/07\/4-PNG-2.png?resize=300%2C200&amp;ssl=1 300w, https:\/\/i0.wp.com\/www.sidwaya.info\/wp-content\/uploads\/2022\/07\/4-PNG-2.png?resize=696,464&amp;ssl=1 696w, https:\/\/i0.wp.com\/www.sidwaya.info\/wp-content\/uploads\/2022\/07\/4-PNG-2.png?resize=630%2C420&amp;ssl=1 630w\" sizes=\"auto, (max-width: 696px) 100vw, 696px\" data-recalc-dims=\"1\"><figcaption id=\"caption-attachment-2421\" class=\"wp-caption-text\"><strong>Bertrand Traor\u00e9 a fait des dons de vivres \u00e0 des personnes n\u00e9cessiteuses \u00e0 travers sa fondation \u00e9ponyme.<\/strong><\/figcaption><\/figure>\n<p><strong>S.S. : Sur le plan sportif, quel bilan dresses-tu de ta saison ?<\/strong><\/p>\n<p><strong>B.T. :<\/strong> Cette saison 2021-2022 a \u00e9t\u00e9 tr\u00e8s difficile. C\u2019est la premi\u00e8re fois que je suis autant perturb\u00e9 par les p\u00e9pins physiques. Au-del\u00e0 des probl\u00e8mes physiques, il y a eu beaucoup d\u2019instabilit\u00e9 en club et l\u2019interm\u00e8de de la CAN 2021. Mais je prends les choses avec philosophie. J\u2019ai beaucoup appris. J\u2019esp\u00e8re pouvoir recouvrir la sant\u00e9 la saison prochaine et faire ce que je sais faire : jouer au football autant que possible.<\/p>\n<p><strong>S.S. : Comment te sens-tu physiquement et mentalement \u00e0 l\u2019aube de cette nouvelle saison ?<\/strong><\/p>\n<p><strong>B.T. :<\/strong> Ultra motiv\u00e9. J\u2019esp\u00e8re d\u00e9j\u00e0 faire une bonne pr\u00e9paration en pr\u00e9saison et \u00eatre pr\u00eat pour bien d\u00e9buter la saison.<\/p>\n<p><strong>S.S. : Quels seront tes objectifs pour la saison qui s\u2019annonce ?<\/strong><\/p>\n<p><strong>B.T. :<\/strong> L\u2019objectif imm\u00e9diat, c\u2019est d\u00e9j\u00e0 de bien me pr\u00e9parer pour la nouvelle saison, car, \u00e7a fait deux ans d\u2019affil\u00e9s que je n\u2019ai pas pu faire de pr\u00e9saison en bonne et due forme comme les autres joueurs avec mon club. Ensuite, il faudra \u00eatre pr\u00eat physiquement et pr\u00e9sent toute la saison pour faire ce que je sais faire. En gros, l\u2019objectif primordial c\u2019est de recouvrir la pleine sant\u00e9, monter en puissance et jouer au football chaque weekend.<\/p>\n<figure id=\"attachment_2420\" aria-describedby=\"caption-attachment-2420\" style=\"width: 461px\" class=\"wp-caption alignnone\"><img decoding=\"async\" data-attachment-id=\"52148\" data-permalink=\"https:\/\/www.sidwaya.info\/blog\/2022\/07\/11\/bertrand-traore-aston-villa-angleterre-jai-de-lespoir-pour-la-suite\/4-png-1\/\" data-orig-file=\"https:\/\/i0.wp.com\/www.sidwaya.info\/wp-content\/uploads\/2022\/07\/4-PNG-1.png?fit=600%2C1333&amp;ssl=1\" data-orig-size=\"600,1333\" data-comments-opened=\"1\" data-image-meta='{\"aperture\":\"0\",\"credit\":\"\",\"camera\":\"\",\"caption\":\"\",\"created_timestamp\":\"0\",\"copyright\":\"\",\"focal_length\":\"0\",\"iso\":\"0\",\"shutter_speed\":\"0\",\"title\":\"\",\"orientation\":\"0\"}' data-image-title=\"4-PNG-1.png\" data-image-description=\"\" data-image-caption=\"&lt;p&gt;L&amp;rsquo;attaquant des \u00e9talons esp\u00e8re recouvrer la forme pour bien entamer la saison qui s&amp;rsquo;annonce&lt;\/p&gt;\n\" data-medium-file=\"https:\/\/i0.wp.com\/www.sidwaya.info\/wp-content\/uploads\/2022\/07\/4-PNG-1.png?fit=135%2C300&amp;ssl=1\" data-large-file=\"https:\/\/i0.wp.com\/www.sidwaya.info\/wp-content\/uploads\/2022\/07\/4-PNG-1.png?fit=461%2C1024&amp;ssl=1\" loading=\"lazy\" class=\"size-large wp-image-52148\" src=\"https:\/\/i0.wp.com\/www.sidwaya.info\/wp-content\/uploads\/2022\/07\/4-PNG-1.png?resize=461,1024&amp;ssl=1\" alt=\"\" width=\"461\" height=\"1024\" srcset=\"https:\/\/i0.wp.com\/www.sidwaya.info\/wp-content\/uploads\/2022\/07\/4-PNG-1.png?resize=461,1024&amp;ssl=1 461w, https:\/\/i0.wp.com\/www.sidwaya.info\/wp-content\/uploads\/2022\/07\/4-PNG-1.png?resize=135%2C300&amp;ssl=1 135w, https:\/\/i0.wp.com\/www.sidwaya.info\/wp-content\/uploads\/2022\/07\/4-PNG-1.png?resize=189%2C420&amp;ssl=1 189w, https:\/\/i0.wp.com\/www.sidwaya.info\/wp-content\/uploads\/2022\/07\/4-PNG-1.png?w=600&amp;ssl=1 600w\" sizes=\"auto, (max-width: 461px) 100vw, 461px\" data-recalc-dims=\"1\"><figcaption id=\"caption-attachment-2420\" class=\"wp-caption-text\"><strong>L\u2019attaquant des \u00e9talons esp\u00e8re recouvrer la forme pour bien entamer la saison qui s\u2019annonce.<\/strong><\/figcaption><\/figure>\n<p><strong>S.S. : Tu es cit\u00e9 dans de nombreux clubs, notamment au Milan AC. Quelle est ta volont\u00e9 pour la saison prochaine ?<\/strong><\/p>\n<p><strong>B.T. :<\/strong> Comme dans chaque p\u00e9riode de mercato, mon nom est associ\u00e9 \u00e0 beaucoup de clubs. Mais, je reste focus sur Aston Villa, car, il me reste encore deux ans de contrat \u00e0 honorer. Quant au reste, je laisse mes repr\u00e9sentants s\u2019en charger.<\/p>\n<p><strong>S.S. : Avec le recul, comment juges-tu votre participation \u00e0 la derni\u00e8re CAN ?<\/strong><\/p>\n<p><strong>B.T. :<\/strong> Je trouve que nous avons fait une prestation honorable, m\u00eame si nous avons failli au dernier match de classement contre le Cameroun. Vu le groupe que nous avions et le fait que nous n\u2019\u00e9tions pas pr\u00e9sents \u00e0 la CAN pr\u00e9c\u00e9dente, celle de 2019, je pense en gros que nous n\u2019avons pas \u00e9t\u00e9 ridicules. Nous avons un groupe jeune et beaucoup de joueurs en plus du coach \u00e9taient \u00e0 leur premi\u00e8re CAN. Cela ne nous a pas emp\u00each\u00e9s de finir parmi les quatre meilleures nations du tournoi aux c\u00f4t\u00e9s de grandes nations de football africain que sont le S\u00e9n\u00e9gal, l\u2019Egypte et le Cameroun. J\u2019ai de l\u2019espoir pour la suite.<\/p>\n<p><strong>S.S.<\/strong> : <strong>Tu as rejoint les Etalons en n\u2019\u00e9tant pas \u00e0 100% de tes moyens physiques. Est-ce par patriotisme que tu l\u2019as fait ?<\/strong><\/p>\n<p><strong>B.T. :<\/strong> La participation \u00e0 cette CAN \u00e9tait un challenge pour moi \u00e0 plusieurs niveaux. Ce n\u2019\u00e9tait pas du tout facile, mais, je pense avoir donn\u00e9 le meilleur de moi-m\u00eame pour mon pays. M\u00eame si j\u2019ai pris des risques dont je paie encore le prix aujourd\u2019hui, je ne regrette rien.<\/p>\n<p><strong>S.S.<\/strong> : <strong>En tant que capitaine de cette s\u00e9lection, comment juges-tu ce groupe en pleine transition g\u00e9n\u00e9rationnelle ?<\/strong><\/p>\n<p><strong>B.T. :<\/strong> On est une \u00e9quipe en transition qui a su rapidement trouver ses marques pendant la CAN au Cameroun et lors des 2 premiers matches des \u00e9liminatoires de la prochaine CAN. Nous avons un groupe qui regorge de talents. On a des jeunes joueurs qui montent en puissance, qui ont de la qualit\u00e9 et qui apportent de la fraicheur et de l\u2019enthousiasme \u00e0 l\u2019\u00e9quipe aux cot\u00e9s de quelques joueurs plus exp\u00e9riment\u00e9s qui jouent un r\u00f4le important d\u2019encadrement et d\u2019accompagnement.<\/p>\n<p><strong>S.S.<\/strong> : <strong>Connaissais-tu le nouveau coach Velud?<\/strong><\/p>\n<p><strong>B.T. :<\/strong> Je ne le connaissais pas avant mais simplement de nom. Je sais qu\u2019il a une bonne exp\u00e9rience sur le continent africain et qu\u2019il a \u00e9t\u00e9 tr\u00e8s bien accueilli par le groupe. J\u2019esp\u00e8re qu\u2019on pourra faire de bonnes choses ensemble. Je voulais profiter de vos colonnes pour demander aux uns et aux autres de continuer de soutenir les Etalons. Surtout dans cette p\u00e9riode instable. J\u2019aimerai aussi passer un message d\u2019union et de solidarit\u00e9. En tant que capitaine de la s\u00e9lection, je peux vous assurer que nous ferons tout pour faire briller notre Nation.<\/p>\n<p><strong>Interview r\u00e9alis\u00e9e par Yves OUEDRAOGO<\/strong><\/p>\n<\/div>\n<p>Auteur: Wamini SIDWAYA<br \/>\n<a href=\"https:\/\/www.sidwaya.info\/blog\/2022\/07\/11\/bertrand-traore-aston-villa-angleterre-jai-de-lespoir-pour-la-suite\/\">Cliquez ici pour lire l&rsquo;article depuis sa source.<\/a><\/p>\n","protected":false},"excerpt":{"rendered":"<p>Il n\u2019est pas un bon client de la presse puisqu\u2019il s\u2019exprime rarement pr\u00e9f\u00e9rant se concentrer sur ce qu\u2019il sait faire de mieux\u00a0: jouer au football. Mais, si l\u2019occasion se pr\u00e9sente, Bertrand Traor\u00e9 dit clairement ce qu\u2019il pense. C\u2019est ce qui s\u2019est pass\u00e9 \u00e0 travers cette exclusivit\u00e9. Sidwaya Sport (S.S.) : Les 16 et 18 juin [&hellip;]<\/p>\n","protected":false},"author":1816,"featured_media":0,"comment_status":"closed","ping_status":"closed","sticky":false,"template":"","format":"standard","meta":{"fifu_image_url":"https:\/\/i0.wp.com\/www.sidwaya.info\/wp-content\/uploads\/2022\/07\/4-PNG-2.png?resize=696,464&ssl=1","fifu_image_alt":"Bertrand Traor\u00e9 (Aston Villa \/ Angleterre) : \u00ab\u00a0J\u2019ai de l\u2019espoir pour la suite\u00a0\u00bb","footnotes":""},"categories":[73,81],"tags":[],"class_list":["post-152252","post","type-post","status-publish","format-standard","hentry","category-actualite","category-burkina-faso"],"_links":{"self":[{"href":"https:\/\/linitiative.ca\/International\/wp-json\/wp\/v2\/posts\/152252","targetHints":{"allow":["GET"]}}],"collection":[{"href":"https:\/\/linitiative.ca\/International\/wp-json\/wp\/v2\/posts"}],"about":[{"href":"https:\/\/linitiative.ca\/International\/wp-json\/wp\/v2\/types\/post"}],"author":[{"embeddable":true,"href":"https:\/\/linitiative.ca\/International\/wp-json\/wp\/v2\/users\/1816"}],"replies":[{"embeddable":true,"href":"https:\/\/linitiative.ca\/International\/wp-json\/wp\/v2\/comments?post=152252"}],"version-history":[{"count":0,"href":"https:\/\/linitiative.ca\/International\/wp-json\/wp\/v2\/posts\/152252\/revisions"}],"wp:attachment":[{"href":"https:\/\/linitiative.ca\/International\/wp-json\/wp\/v2\/media?parent=152252"}],"wp:term":[{"taxonomy":"category","embeddable":true,"href":"https:\/\/linitiative.ca\/International\/wp-json\/wp\/v2\/categories?post=152252"},{"taxonomy":"post_tag","embeddable":true,"href":"https:\/\/linitiative.ca\/International\/wp-json\/wp\/v2\/tags?post=152252"}],"curies":[{"name":"wp","href":"https:\/\/api.w.org\/{rel}","templated":true}]}}