{"id":152256,"date":"2022-07-11T11:06:30","date_gmt":"2022-07-11T15:06:30","guid":{"rendered":"https:\/\/linitiative.ca\/International\/le-cameroun-deploie-des-militaires-pour-une-mission-de-paix-en-centrafrique\/"},"modified":"2022-07-11T11:06:30","modified_gmt":"2022-07-11T15:06:30","slug":"le-cameroun-deploie-des-militaires-pour-une-mission-de-paix-en-centrafrique","status":"publish","type":"post","link":"https:\/\/linitiative.ca\/International\/le-cameroun-deploie-des-militaires-pour-une-mission-de-paix-en-centrafrique\/","title":{"rendered":"Le Cameroun d\u00e9ploie des militaires pour une mission de paix en Centrafrique\u00a0"},"content":{"rendered":"<div>\n<p><img decoding=\"async\" width=\"500\" height=\"333\" src=\"https:\/\/linitiative.ca\/International\/wp-content\/uploads\/sites\/23\/2022\/07\/132e3b6b65667bd287fd2be2821ed408_L.jpg\" class=\"attachment-post-thumbnail size-post-thumbnail wp-post-image\" alt=\"\" loading=\"lazy\" srcset=\"https:\/\/linitiative.ca\/International\/wp-content\/uploads\/sites\/23\/2022\/07\/132e3b6b65667bd287fd2be2821ed408_L.jpg 500w, https:\/\/www.journalducameroun.com\/wp-content\/uploads\/2022\/07\/132e3b6b65667bd287fd2be2821ed408_L-300x200.jpg 300w\" sizes=\"auto, (max-width: 500px) 100vw, 500px\"><\/p>\n<h2 dir=\"auto\" style=\"text-align: justify;\">Ce sera pour la 9e fois qu&rsquo;un contingent du pays est d\u00e9ploy\u00e9 dans le cadre de la Mission multidimensionnelle int\u00e9gr\u00e9e des Nations unies pour la stabilisation en R\u00e9publique centrafricaine (MINUSCA).<\/h2>\n<div dir=\"auto\" style=\"text-align: justify;\"><\/div>\n<div dir=\"auto\" style=\"text-align: justify;\"><\/div>\n<div dir=\"auto\" style=\"text-align: justify;\">Selon le quotidien gouvernemental Cameroon Tribune, 750 militaires composent le 9e contingent du pays et ils sont en train d&rsquo;\u00eatre moul\u00e9s \u00e0 l&rsquo;endurance dans la zone foresti\u00e8re de Motcheboum, dans la r\u00e9gion de l&rsquo;Est. Ceci, c&rsquo;est afin d&rsquo;acqu\u00e9rir les capacit\u00e9s sp\u00e9cifiques aux op\u00e9rations de maintien de la paix et de s&rsquo;habituer \u00e0 l&rsquo;environnement op\u00e9rationnel en <strong>RCA<\/strong>. Le contingent en formation a re\u00e7u le 7 juillet dernier une d\u00e9l\u00e9gation d&rsquo;\u00e9valuateurs Onusiens.<\/div>\n<div dir=\"auto\" style=\"text-align: justify;\"><\/div>\n<div dir=\"auto\" style=\"text-align: justify;\">Outre des militaires, le contingent camerounais comprend \u00e9galement des \u00e9l\u00e9ments de la <strong>gendarmerie<\/strong> et de la police, pour un total de plus de 1 000 personnels habituellement d\u00e9ploy\u00e9s pour le compte de la <strong>MINUSCA<\/strong>.<\/div>\n<div dir=\"auto\" style=\"text-align: justify;\"><\/div>\n<div dir=\"auto\" style=\"text-align: justify;\">Pour rappel, le 8e contingent actuellement d\u00e9ploy\u00e9 en R\u00e9publique centrafricaine a quitt\u00e9 le Cameroun en septembre 2021. Bas\u00e9 \u00e0 Bossangoa dans le nord-ouest centrafricain, il est sous le commandement du colonel Vincent Pehuie.<\/div>\n<p>Cet article <a rel=\"nofollow\" href=\"https:\/\/www.journalducameroun.com\/le-cameroun-deploie-des-militaires-pour-une-mission-de-paix-en-centrafrique\/\">Le Cameroun d\u00e9ploie des militaires pour une mission de paix en Centrafrique\u00a0<\/a> est apparu en premier sur <a rel=\"nofollow\" href=\"https:\/\/www.journalducameroun.com\/\">Journal du Cameroun<\/a>.<\/p>\n<\/div>\n<p>Auteur: Paul Wandji<br \/>\n<a href=\"https:\/\/www.journalducameroun.com\/le-cameroun-deploie-des-militaires-pour-une-mission-de-paix-en-centrafrique\/\">Cliquez ici pour lire l&rsquo;article depuis sa source.<\/a><\/p>\n","protected":false},"excerpt":{"rendered":"<p>Ce sera pour la 9e fois qu&rsquo;un contingent du pays est d\u00e9ploy\u00e9 dans le cadre de la Mission multidimensionnelle int\u00e9gr\u00e9e des Nations unies pour la stabilisation en R\u00e9publique centrafricaine (MINUSCA). Selon le quotidien gouvernemental Cameroon Tribune, 750 militaires composent le 9e contingent du pays et ils sont en train d&rsquo;\u00eatre moul\u00e9s \u00e0 l&rsquo;endurance dans la [&hellip;]<\/p>\n","protected":false},"author":1965,"featured_media":0,"comment_status":"closed","ping_status":"closed","sticky":false,"template":"","format":"standard","meta":{"fifu_image_url":"https:\/\/www.journalducameroun.com\/wp-content\/uploads\/2022\/07\/132e3b6b65667bd287fd2be2821ed408_L.jpg","fifu_image_alt":"Le Cameroun d\u00e9ploie des militaires pour une mission de paix en Centrafrique\u00a0","footnotes":""},"categories":[73,82],"tags":[],"class_list":["post-152256","post","type-post","status-publish","format-standard","hentry","category-actualite","category-cameroun"],"_links":{"self":[{"href":"https:\/\/linitiative.ca\/International\/wp-json\/wp\/v2\/posts\/152256","targetHints":{"allow":["GET"]}}],"collection":[{"href":"https:\/\/linitiative.ca\/International\/wp-json\/wp\/v2\/posts"}],"about":[{"href":"https:\/\/linitiative.ca\/International\/wp-json\/wp\/v2\/types\/post"}],"author":[{"embeddable":true,"href":"https:\/\/linitiative.ca\/International\/wp-json\/wp\/v2\/users\/1965"}],"replies":[{"embeddable":true,"href":"https:\/\/linitiative.ca\/International\/wp-json\/wp\/v2\/comments?post=152256"}],"version-history":[{"count":0,"href":"https:\/\/linitiative.ca\/International\/wp-json\/wp\/v2\/posts\/152256\/revisions"}],"wp:attachment":[{"href":"https:\/\/linitiative.ca\/International\/wp-json\/wp\/v2\/media?parent=152256"}],"wp:term":[{"taxonomy":"category","embeddable":true,"href":"https:\/\/linitiative.ca\/International\/wp-json\/wp\/v2\/categories?post=152256"},{"taxonomy":"post_tag","embeddable":true,"href":"https:\/\/linitiative.ca\/International\/wp-json\/wp\/v2\/tags?post=152256"}],"curies":[{"name":"wp","href":"https:\/\/api.w.org\/{rel}","templated":true}]}}